{"id":6567,"date":"2023-12-13T21:12:53","date_gmt":"2023-12-13T19:12:53","guid":{"rendered":"https:\/\/www.berlin.freidenker.org\/?p=6567"},"modified":"2023-12-13T21:12:53","modified_gmt":"2023-12-13T19:12:53","slug":"jahresabschluss-2023","status":"publish","type":"post","link":"https:\/\/www.berlin.freidenker.org\/?p=6567","title":{"rendered":"Jahresabschluss 2023"},"content":{"rendered":"<p>Liebe\u00a0Genossinnen\u00a0und\u00a0Genossen, liebe Freunde,<\/p>\n<p>&nbsp;<\/p>\n<p>auch in diesem Jahr wurde f\u00fcr eine Jahresabschlussfeier gestimmt.<\/p>\n<p>&nbsp;<\/p>\n<p>Die Gr\u00fcnde daf\u00fcr muss man wohl nicht alle aufz\u00e4hlen. Hier zwei besondere:<\/p>\n<p>&nbsp;<\/p>\n<p>Nachdem seit 2020 bis in den M\u00e4rz des letzten Jahres unser Verbandsleben durch staatliche Ma\u00dfnahmen eingeschr\u00e4nkt war und im Fr\u00fchling dieses Jahres unser langj\u00e4hriger Vorsitzender Klaus Linder und Anna Seifert den Vorstand verlie\u00dfen.<span class=\"v1Apple-converted-space\">\u00a0<\/span><\/p>\n<p>Trotzdem gelang es, unser Verbandsleben mit der bis dahin \u00fcblichen L\u00fcckenlosigkeit und Regelm\u00e4\u00dfigkeit durchf\u00fchren. Hier erinnere ich gerade auch an unserem Auftakt im August.<\/p>\n<p>Auch im Jahr 2022 konnten wir auch neue Mitglieder begr\u00fc\u00dfen.<\/p>\n<p>Einstimmig war auch: wegen Kennenlernens, Austausch, vielen Themen seit 6\/2022, und einer sehr besonderen Lage, in der sich jetzt alle sowie unser weltanschaulicher Verband befinden, wollen wir uns nicht an ein starres Programm binden m\u00fcssen, sondern zusammenkommen, essen, trinken, reden und auf welche Ideen man sonst kommen mag, ohne jemanden f\u00fcr eine Darbietung zu \u201eengagieren\u201c.<\/p>\n<p>&nbsp;<\/p>\n<p>Folgende Frage war zu entscheiden: Im Kieztreff k\u00f6nnen wir uns im Regelfall nur am 2. Dienstag des Monats ab 18 Uhr treffen (das w\u00e4re der 12. Dezember, zu kurzfristig). Ein Samstagstermin, wie voriges Jahr, w\u00e4re g\u00fcnstiger.<span class=\"v1Apple-converted-space\">\u00a0<\/span><\/p>\n<p>Diese M\u00f6glichkeit besteht dieses Jahr leider nicht: die f\u00fcr den D\u00fctti-Treff in Kreuzberg Verantwortliche erkrankte, so dass die notwendigen Vereinbarungen nicht rechtzeitig geschlossen werden konnten.<\/p>\n<p>Doch wir konnten mit der Verwalterin des Kietztreffs f\u00fcr unsere Feier den Montag, 18.12.2023 ab 16:00 Uhr vereinbaren.<span class=\"v1Apple-converted-space\">\u00a0<\/span><\/p>\n<p>&nbsp;<\/p>\n<p>Der Raum ist gut geeignet und hat auch eine kleine K\u00fcche.<\/p>\n<p>Die Idee war au\u00dferdem, dass wir uns wieder mit ein paar mitgebrachten Speisen selbst versorgen.<span class=\"v1Apple-converted-space\">\u00a0<\/span><\/p>\n<p>F\u00fcr Getr\u00e4nke wird wie gewohnt der Kietztreff sorgen.<\/p>\n<p>&nbsp;<\/p>\n<p>So, wie wir es auch fr\u00fcher gehalten haben, soll man auch Freunde, Partner, \u2026 mitbringen k\u00f6nnen.<\/p>\n<p>&nbsp;<\/p>\n<p>Seid bitte so lieb und teilt mit, ob und mit wie vielen Personen Ihr teilnehmen werdet, was Ihr mitbringen wollt, dass wir uns entsprechend vorbereiten k\u00f6nnen.<\/p>\n","protected":false},"excerpt":{"rendered":"<p>Liebe\u00a0Genossinnen\u00a0und\u00a0Genossen, liebe Freunde, &nbsp; auch in diesem Jahr wurde f\u00fcr eine Jahresabschlussfeier gestimmt. &nbsp; Die Gr\u00fcnde daf\u00fcr muss man wohl nicht alle aufz\u00e4hlen. Hier zwei besondere: &nbsp; Nachdem seit 2020 bis in den M\u00e4rz des letzten Jahres unser Verbandsleben durch staatliche Ma\u00dfnahmen eingeschr\u00e4nkt war und im Fr\u00fchling dieses Jahres unser langj\u00e4hriger Vorsitzender Klaus Linder und [&hellip;]<\/p>\n","protected":false},"author":4,"featured_media":0,"comment_status":"closed","ping_status":"closed","sticky":false,"template":"","format":"standard","meta":{"jetpack_post_was_ever_published":false,"_jetpack_newsletter_access":"","_jetpack_dont_email_post_to_subs":false,"_jetpack_newsletter_tier_id":0,"_jetpack_memberships_contains_paywalled_content":false,"_jetpack_memberships_contains_paid_content":false,"footnotes":""},"categories":[1],"tags":[],"class_list":["post-6567","post","type-post","status-publish","format-standard","hentry","category-allgemein"],"jetpack_featured_media_url":"","jetpack_shortlink":"https:\/\/wp.me\/py5dN-1HV","jetpack_sharing_enabled":true,"_links":{"self":[{"href":"https:\/\/www.berlin.freidenker.org\/index.php?rest_route=\/wp\/v2\/posts\/6567","targetHints":{"allow":["GET"]}}],"collection":[{"href":"https:\/\/www.berlin.freidenker.org\/index.php?rest_route=\/wp\/v2\/posts"}],"about":[{"href":"https:\/\/www.berlin.freidenker.org\/index.php?rest_route=\/wp\/v2\/types\/post"}],"author":[{"embeddable":true,"href":"https:\/\/www.berlin.freidenker.org\/index.php?rest_route=\/wp\/v2\/users\/4"}],"replies":[{"embeddable":true,"href":"https:\/\/www.berlin.freidenker.org\/index.php?rest_route=%2Fwp%2Fv2%2Fcomments&post=6567"}],"version-history":[{"count":1,"href":"https:\/\/www.berlin.freidenker.org\/index.php?rest_route=\/wp\/v2\/posts\/6567\/revisions"}],"predecessor-version":[{"id":6568,"href":"https:\/\/www.berlin.freidenker.org\/index.php?rest_route=\/wp\/v2\/posts\/6567\/revisions\/6568"}],"wp:attachment":[{"href":"https:\/\/www.berlin.freidenker.org\/index.php?rest_route=%2Fwp%2Fv2%2Fmedia&parent=6567"}],"wp:term":[{"taxonomy":"category","embeddable":true,"href":"https:\/\/www.berlin.freidenker.org\/index.php?rest_route=%2Fwp%2Fv2%2Fcategories&post=6567"},{"taxonomy":"post_tag","embeddable":true,"href":"https:\/\/www.berlin.freidenker.org\/index.php?rest_route=%2Fwp%2Fv2%2Ftags&post=6567"}],"curies":[{"name":"wp","href":"https:\/\/api.w.org\/{rel}","templated":true}]}}