{"id":6576,"date":"2024-01-05T20:03:30","date_gmt":"2024-01-05T18:03:30","guid":{"rendered":"https:\/\/www.berlin.freidenker.org\/?p=6576"},"modified":"2024-01-05T20:03:30","modified_gmt":"2024-01-05T18:03:30","slug":"start-ins-jahr-2024","status":"publish","type":"post","link":"https:\/\/www.berlin.freidenker.org\/?p=6576","title":{"rendered":"Start ins Jahr 2024"},"content":{"rendered":"<p>Liebe Genossen, liebe Freunde,<\/p>\n<p>wir w\u00fcnschen ein Jahr 2024 in Gesundheit und Schaffenskraft, im solidarischen Kampf gegen Deindustrialisierung und Kriegsteilhabe der hier Herrschenden.<\/p>\n<p>In diesem Jahr werden die Freidenker nicht mit einem Infostand bei der LL-Konferenz am 13.01.24 pr\u00e4sent sein k\u00f6nnen.<\/p>\n<p>Daf\u00fcr werden wir jedoch wieder bei der LL-Demonstration am 14.01.2024 pr\u00e4sent sein, mit unserem Infostand an der Gedenkst\u00e4tte der Sozialisten, Berlin Lichtenberg, Gudrunstr. 20.<\/p>\n<p>Am 17.01. wird, gemeinsam mit dem Bundesvorstand, die Max Sievers-Ehrung stattfinden.<\/p>\n<p>N\u00e4heres werden wird schon bald bekannt gegeben.<\/p>\n<p>&nbsp;<\/p>\n<p>s.a. <a href=\"https:\/\/t.me\/FDBerlin\/182\">Telegram Freidenker Berlin<\/a><\/p>\n","protected":false},"excerpt":{"rendered":"<p>Liebe Genossen, liebe Freunde, wir w\u00fcnschen ein Jahr 2024 in Gesundheit und Schaffenskraft, im solidarischen Kampf gegen Deindustrialisierung und Kriegsteilhabe der hier Herrschenden. In diesem Jahr werden die Freidenker nicht mit einem Infostand bei der LL-Konferenz am 13.01.24 pr\u00e4sent sein k\u00f6nnen. Daf\u00fcr werden wir jedoch wieder bei der LL-Demonstration am 14.01.2024 pr\u00e4sent sein, mit unserem [&hellip;]<\/p>\n","protected":false},"author":4,"featured_media":0,"comment_status":"closed","ping_status":"closed","sticky":false,"template":"","format":"standard","meta":{"jetpack_post_was_ever_published":false,"_jetpack_newsletter_access":"","_jetpack_dont_email_post_to_subs":false,"_jetpack_newsletter_tier_id":0,"_jetpack_memberships_contains_paywalled_content":false,"_jetpack_memberships_contains_paid_content":false,"footnotes":""},"categories":[1,753,14,22,13],"tags":[],"class_list":["post-6576","post","type-post","status-publish","format-standard","hentry","category-allgemein","category-demokratie","category-aktivitaeten-des-dfv-berlin","category-friedensaktionen","category-veranstaltungen"],"jetpack_featured_media_url":"","jetpack_shortlink":"https:\/\/wp.me\/py5dN-1I4","jetpack_sharing_enabled":true,"_links":{"self":[{"href":"https:\/\/www.berlin.freidenker.org\/index.php?rest_route=\/wp\/v2\/posts\/6576","targetHints":{"allow":["GET"]}}],"collection":[{"href":"https:\/\/www.berlin.freidenker.org\/index.php?rest_route=\/wp\/v2\/posts"}],"about":[{"href":"https:\/\/www.berlin.freidenker.org\/index.php?rest_route=\/wp\/v2\/types\/post"}],"author":[{"embeddable":true,"href":"https:\/\/www.berlin.freidenker.org\/index.php?rest_route=\/wp\/v2\/users\/4"}],"replies":[{"embeddable":true,"href":"https:\/\/www.berlin.freidenker.org\/index.php?rest_route=%2Fwp%2Fv2%2Fcomments&post=6576"}],"version-history":[{"count":1,"href":"https:\/\/www.berlin.freidenker.org\/index.php?rest_route=\/wp\/v2\/posts\/6576\/revisions"}],"predecessor-version":[{"id":6577,"href":"https:\/\/www.berlin.freidenker.org\/index.php?rest_route=\/wp\/v2\/posts\/6576\/revisions\/6577"}],"wp:attachment":[{"href":"https:\/\/www.berlin.freidenker.org\/index.php?rest_route=%2Fwp%2Fv2%2Fmedia&parent=6576"}],"wp:term":[{"taxonomy":"category","embeddable":true,"href":"https:\/\/www.berlin.freidenker.org\/index.php?rest_route=%2Fwp%2Fv2%2Fcategories&post=6576"},{"taxonomy":"post_tag","embeddable":true,"href":"https:\/\/www.berlin.freidenker.org\/index.php?rest_route=%2Fwp%2Fv2%2Ftags&post=6576"}],"curies":[{"name":"wp","href":"https:\/\/api.w.org\/{rel}","templated":true}]}}