{"id":6628,"date":"2024-04-19T13:07:12","date_gmt":"2024-04-19T11:07:12","guid":{"rendered":"https:\/\/www.berlin.freidenker.org\/?p=6628"},"modified":"2024-05-18T09:28:36","modified_gmt":"2024-05-18T07:28:36","slug":"elke-zwinge-im-sprechsaal-kraefte-und-gegenkraefte-in-der-entwicklung-zu-einer-friedlichen-multipolaren-welt","status":"publish","type":"post","link":"https:\/\/www.berlin.freidenker.org\/?p=6628","title":{"rendered":"Nachschau und Veranstaltungshinweise April-Mai 2024"},"content":{"rendered":"<h1>Nachschau und Veranstaltungshinweise<\/h1>\n<p>aus Platzgr\u00fcnden fassen wir hier Nachschau und Hinweise auf k\u00fcnftige Veranstaltungen zusammen. Zum geplanten Zeitpunkt erscheinen die Einladungen dann nat\u00fcrlich noch gesondert ganz oben auf der Seite. Wir arbeiten an einer Neufassung der Webseite, die \u00fcbersichtlicher werden soll.<\/p>\n<h3><em><strong>Kranzniederlegung <\/strong><\/em>am <em><strong>9. Mai 2024\u00a0<\/strong><\/em><em><strong> am\u00a0 sowjetisches Ehrenmal\u00a0 in Treptow<\/strong> <\/em><\/h3>\n<p>Am 9. Mai haben wir Freidenker Berlin und Freunde einen Kranz zu Ehren und im Gedenken an die gefallenen Sowjetsoldaten\u00a0und als Dank f\u00fcr die Befreiung vom Faschismus niedergelegt.<\/p>\n<p>Ank\u00fcndigung:Liebe Freunde und Genossinnen, am 9. Mai werden wir wieder im Treptower Park unsere traditionelle Kranzniederlegung durchf\u00fchren. Unser Transparent &#8222;FRIEDEN MIT RUSSLAND!&#8220; wird auch vor Ort sein. Wir treffen uns um 10:00 Uhr\u00a0 an der `Mutter Heimat\u00b4, um dann der gefallenen russischen Soldaten des 2. Weltkriegs zu gedenken. Flyer zum Verteilen werden auch vorhanden sein.[sh 05.05.2024]\n<h3>Am 2. Mai fand in Berlin-Karlshorst eine Gedenkveranstaltung zu Odessa<\/h3>\n<p>unter der Leitung unseres Mitglieds Ingrid Koschmieder statt,\u00a0 der wir f\u00fcr die Organisation und Moderation dieser gelungenen Veranstaltung sehr herzlich danken.<\/p>\n<p>&#8222;Eine sehr wichtige, eine sehr sch\u00f6ne, tiefgreifend und emotionale aber auch k\u00e4mpferische Veranstaltung&#8220;<\/p>\n<h3>26. April 2024 um 19:00 Uhr im Sprechsaal: Elke Zwinge-Makamizile<\/h3>\n<h4>&#8222;Kr\u00e4fte und Gegenkr\u00e4fte in der Entwicklung zu einer friedlichen und multipolaren Welt&#8220;<\/h4>\n<p>Inhalt (Auszug aus dem Skript):<\/p>\n<blockquote><p><em>Der Genozid in Gaza, ein absoluter Bruch mit der Zivilisation, ist unvorstellbar f\u00fcr das Menschsein! <\/em><\/p>\n<p><em>In der UNO-Vollversammlung haben 153 L\u00e4nder, mehrheitlich aus den L\u00e4ndern des S\u00fcdens, den sofortigen humanit\u00e4ren Waffenstillstand verlangt.<\/em><\/p>\n<p><em>S\u00fcdafrika hat eine hervorragend ausgearbeitete Klage gegen Israel beim Internationalen Gerichtshof eingereicht. <\/em><\/p>\n<p><em>Der brasilianische Journalist Pepe Escobar schreibt: Dieser von S\u00fcdafrika eingebrachte Fall wird wahrscheinlich nur der erste seiner Art sein, die BRICS \u2013 zu deren entscheidendem Mitgliedsstaat S\u00fcdafrika geh\u00f6rt \u2013 sind Teil der neuen Welle internationaler Organisationen, die die westliche Hegemonie und ihre \u201eregelbasierte Ordnung\u201c in Frage stellen.<\/em><\/p>\n<p><em>Richard Pithouse, s\u00fcdafrikanischer Autor und Philosoph nennt den Titel seines Artikels \u201eS\u00fcdafrikas Geschenk an die Welt- im Geist von Steve Biko hin zum IGH\u201c<\/em><\/p>\n<p><em>Eine weitere Klage kommt aus Nikaragua. Als einziges Land des S\u00fcdens bewirkte es 1986 eine Verurteilung der USA vor dem IGH wegen Verminung seiner H\u00e4fen durch die Contras, <\/em><em>Nikaraguas Klage gegen Deutschland wegen Beihilfe zum V\u00f6lkermord aufgrund seiner Waffenlieferungen an Israel, l\u00e4sst ein Urteil erhoffen, das f\u00fcr die L\u00e4nder des globalen S\u00fcdens Bedeutung haben kann. <\/em><br \/>\n<em>Der globale S\u00fcden meldet sich zu Wort&#8230;.<\/em><\/p><\/blockquote>\n[Quelle: Elke Zwinge-Makamizile. Das Skript kann auch Anfrage als PDF Datei zur Verf\u00fcgung gestellt werden.<br \/>\nhttps:\/\/prima-media.org\/2024\/05\/08\/krafte-und-gegenkrafte-in-der-entwicklung-hin-zu-einer-multipolaren-welt\/ ]\n<p>&nbsp;<\/p>\n<p>&nbsp;<\/p>\n<p style=\"text-align: center;\">________________________________________<\/p>\n<div dir=\"auto\">\n<h3 dir=\"auto\">Nachschau auf vergangene Aktivit\u00e4ten und die Einladung der Neuen Gesellschaft f\u00fcr Psychologie<\/h3>\n<div dir=\"auto\">19.04.2024 [tb]<\/div>\n<div dir=\"auto\">Liebe Freidenker,<\/div>\n<div dir=\"auto\"><\/div>\n<div dir=\"auto\">im August letzten Jahres f\u00fchrten wir unsere erste China-Veranstaltung durch im Kiez-Treff, wo wir die spezifische &#8218;Materialit\u00e4t des Ideologischen&#8216; (Antonio Gramsci) im chinesischen Kollektivbewusstsein der letzten Jahrtausende herausgearbeitet haben am Beispiel des Daoismus sowie\u00a0 insbesondere\u00a0des Konfuzianismus, welcher heute von der Staatspolitik Beijings wieder als wertvolle kulturelle Tradition gef\u00f6rdert wird. Diese auf Gleichgewicht ausgerichteten Normen f\u00fcr ein harmonisches Zusammenleben haben wir als Grundlage der Universalisierung einer neuen Ethik auf dem eurasischen Friedenspfad erkannt und BRICS+ (von Beijing 2017 vorgeschlagen und im Januar 2024 umgesetzt) als wesentliches Instrument der neuen Epoche identifiziert neben SCO, CELAC usw.<\/div>\n<div dir=\"auto\"><\/div>\n<div dir=\"auto\">Im vergangenen Februar haben wir die zweite Veranstaltung in dieser Reihe im Sprachsaal abgehalten: einige Freidenker waren auch dabei, als der Landesvorsitzende historische Beispiele dartat, welche beweisen, dass die chinesische Kultur niemals kolonial projizierte und dies auch niemals zu bef\u00fcrchten steht; ganz im Gegenteil steht das chinesische Konzept des universalen, philosophisch zu verstehenden &#8218;tianxia&#8216; f\u00fcr eine multipolare Welt, in der alle V\u00f6lker gleichberechtigt als souver\u00e4ne Nationen koexistieren.<\/div>\n<div dir=\"auto\"><\/div>\n<div dir=\"auto\">Diesen Monat fand im Kiez-Treff das dritte Treffen mit diesem rotem Faden statt, wo unser neues Mitglied Diego Guardiani konkrete Formen dieser holistischen Weltanschauung darlegte; Taiji und Kungfu sowie deren Bedeutung f\u00fcr die neue, friedvolle \u00c4ra Eurasiens; unser Freund Yang bot zudem bezaubernden Gesang der jahrtausendealten chinesischen Opern dar.<\/div>\n<div dir=\"auto\"><\/div>\n<div dir=\"auto\">Wir freuen uns, dass die Freidenkerin Elke n\u00e4chste Woche den vierten Vortrag in der Reihe &#8218;Multipolarit\u00e4t qua sinozentrisch-eurasischer neuer Diplomatie der V\u00f6lker pro Weltfrieden&#8216; halten wird:<\/div>\n<\/div>\n<div dir=\"auto\"><\/div>\n<div dir=\"auto\"><\/div>\n<div dir=\"auto\">\n<div dir=\"auto\">Inhalt Originaleinladung:<\/div>\n<div dir=\"auto\">\n<p style=\"text-align: center;\">Liebe Mitglieder und Freunde der Neuen Gesellschaft f\u00fcr Psychologie,<br \/>\nWir freuen uns sehr, Sie \/ Euch zum n\u00e4chsten Vortrag (mit Diskussion) einladen zu k\u00f6nnen.<\/p>\n<\/div>\n<p style=\"text-align: center;\">______________________________________<\/p>\n<p>&nbsp;<\/p>\n<div dir=\"auto\">\n<p style=\"text-align: center;\"><strong>Elke Zwinge-Makamazile<br \/>\n<\/strong><strong><br \/>\nKr\u00e4fte und Gegenkr\u00e4fte in der Entwicklung zu einer friedlichen multipolaren Welt<\/strong><\/p>\n<p style=\"text-align: center;\">Die Entwicklung einer multipolaren Welt hat ihren Ursprung<br \/>\nin dem Kampf des globalen S\u00fcdens<br \/>\ngegen die jahrhundertelange Kolonisation und<br \/>\nseit 1945 gegen die Hegemonie einer unipolaren Welt des globalen Westens (USA\/EU\/NATO).<br \/>\nEinige historische Eckpunkte und konkrete Beispiele aus der Gegenwart sollen das verdeutlichen.<\/p>\n<p style=\"text-align: center;\">am 26.04.2024 um 19:00 Uhr<\/p>\n<p style=\"text-align: center;\">im Sprechsaal, in der Marienstr. 26, in Berlin, (ganz nahe bei S-bahn Friedrichstr.)<br \/>\nEintritt frei, um Spenden wird gebeten<\/p>\n<p style=\"text-align: center;\">Wir freuen uns, Sie \/ Euch begr\u00fc\u00dfen zu d\u00fcrfen.<\/p>\n<p style=\"text-align: center;\">Almuth Bruder-Bezzel und Klaus-J\u00fcrgen Bruder<br \/>\nim Namen des Vorstands der Neuen Gesellschaft f\u00fcr Psychologie<\/p>\n<\/div>\n<div dir=\"auto\"><\/div>\n<div dir=\"auto\"><\/div>\n<div dir=\"auto\"><\/div>\n<div dir=\"auto\" style=\"text-align: left;\">[fb 19.04.2024 13:00, \u00fcberarb. 07.05.2024 14:10]<\/div>\n<\/div>\n","protected":false},"excerpt":{"rendered":"<p>Nachschau und Veranstaltungshinweise aus Platzgr\u00fcnden fassen wir hier Nachschau und Hinweise auf k\u00fcnftige Veranstaltungen zusammen. Zum geplanten Zeitpunkt erscheinen die Einladungen dann nat\u00fcrlich noch gesondert ganz oben auf der Seite. Wir arbeiten an einer Neufassung der Webseite, die \u00fcbersichtlicher werden soll. Kranzniederlegung am 9. Mai 2024\u00a0 am\u00a0 sowjetisches Ehrenmal\u00a0 in Treptow Am 9. Mai haben [&hellip;]<\/p>\n","protected":false},"author":12,"featured_media":0,"comment_status":"closed","ping_status":"closed","sticky":false,"template":"","format":"standard","meta":{"jetpack_post_was_ever_published":false,"_jetpack_newsletter_access":"","_jetpack_dont_email_post_to_subs":false,"_jetpack_newsletter_tier_id":0,"_jetpack_memberships_contains_paywalled_content":false,"_jetpack_memberships_contains_paid_content":false,"footnotes":""},"categories":[1,750,753,30,751,175,21,8,13],"tags":[],"class_list":["post-6628","post","type-post","status-publish","format-standard","hentry","category-allgemein","category-china","category-demokratie","category-europa","category-multipolare-welt","category-nato","category-politik","category-standpunkte","category-veranstaltungen"],"jetpack_featured_media_url":"","jetpack_shortlink":"https:\/\/wp.me\/py5dN-1IU","jetpack_sharing_enabled":true,"_links":{"self":[{"href":"https:\/\/www.berlin.freidenker.org\/index.php?rest_route=\/wp\/v2\/posts\/6628","targetHints":{"allow":["GET"]}}],"collection":[{"href":"https:\/\/www.berlin.freidenker.org\/index.php?rest_route=\/wp\/v2\/posts"}],"about":[{"href":"https:\/\/www.berlin.freidenker.org\/index.php?rest_route=\/wp\/v2\/types\/post"}],"author":[{"embeddable":true,"href":"https:\/\/www.berlin.freidenker.org\/index.php?rest_route=\/wp\/v2\/users\/12"}],"replies":[{"embeddable":true,"href":"https:\/\/www.berlin.freidenker.org\/index.php?rest_route=%2Fwp%2Fv2%2Fcomments&post=6628"}],"version-history":[{"count":15,"href":"https:\/\/www.berlin.freidenker.org\/index.php?rest_route=\/wp\/v2\/posts\/6628\/revisions"}],"predecessor-version":[{"id":6671,"href":"https:\/\/www.berlin.freidenker.org\/index.php?rest_route=\/wp\/v2\/posts\/6628\/revisions\/6671"}],"wp:attachment":[{"href":"https:\/\/www.berlin.freidenker.org\/index.php?rest_route=%2Fwp%2Fv2%2Fmedia&parent=6628"}],"wp:term":[{"taxonomy":"category","embeddable":true,"href":"https:\/\/www.berlin.freidenker.org\/index.php?rest_route=%2Fwp%2Fv2%2Fcategories&post=6628"},{"taxonomy":"post_tag","embeddable":true,"href":"https:\/\/www.berlin.freidenker.org\/index.php?rest_route=%2Fwp%2Fv2%2Ftags&post=6628"}],"curies":[{"name":"wp","href":"https:\/\/api.w.org\/{rel}","templated":true}]}}