{"id":6638,"date":"2024-04-23T18:44:53","date_gmt":"2024-04-23T16:44:53","guid":{"rendered":"https:\/\/www.berlin.freidenker.org\/?p=6638"},"modified":"2024-05-17T23:26:18","modified_gmt":"2024-05-17T21:26:18","slug":"17-mai-2024-annie-lacroix-riz-prcp-frankreich-bei-den-freidenkern-berlin","status":"publish","type":"post","link":"https:\/\/www.berlin.freidenker.org\/?p=6638","title":{"rendered":"Einladung 17. Mai 2024: Annie Lacroix-Riz (PRCF, Frankreich) bei den Freidenkern Berlin"},"content":{"rendered":"<h1 style=\"text-align: center;\">Vortrag von Madame Prof. Dr. Annie Lacroix-Riz \u00fcber:<\/h1>\n<h1 style=\"text-align: center;\">Urspr\u00fcnge und den Zweck der sog. <i>europ\u00e4ischen Integration<\/i><\/h1>\n<h1 style=\"text-align: center;\">Annie Lacroix-Riz<\/h1>\n<p style=\"text-align: center;\"><a href=\"https:\/\/i0.wp.com\/www.berlin.freidenker.org\/wp-content\/uploads\/2024\/04\/frei_AnnieLacroixRiz-Kopie.jpg?ssl=1\"><img data-recalc-dims=\"1\" loading=\"lazy\" decoding=\"async\" class=\"alignnone wp-image-6641\" src=\"https:\/\/i0.wp.com\/www.berlin.freidenker.org\/wp-content\/uploads\/2024\/04\/frei_AnnieLacroixRiz-Kopie.jpg?resize=200%2C200&#038;ssl=1\" alt=\"\" width=\"200\" height=\"200\" srcset=\"https:\/\/i0.wp.com\/www.berlin.freidenker.org\/wp-content\/uploads\/2024\/04\/frei_AnnieLacroixRiz-Kopie.jpg?w=295&amp;ssl=1 295w, https:\/\/i0.wp.com\/www.berlin.freidenker.org\/wp-content\/uploads\/2024\/04\/frei_AnnieLacroixRiz-Kopie.jpg?resize=150%2C150&amp;ssl=1 150w\" sizes=\"auto, (max-width: 200px) 100vw, 200px\" \/><\/a><\/p>\n<h5 style=\"text-align: center;\">(professeur \u00e9m\u00e9rite d\u2019histoire contemporaine \u00e0 l\u2019Universit\u00e9 Paris 7)<\/h5>\n<h2 style=\"text-align: center;\">bei den Freidenkern<\/h2>\n<p><!--more--><\/p>\n<h2 style=\"text-align: center;\">am 17. Mai 2024 &#8211; 19:00 Uhr<\/h2>\n<h2 style=\"text-align: center;\">Ort: Sprechsaal, Marienstr. 26 in Berlin-Mitte<\/h2>\n<div class=\"gmail_quote\">\n<div dir=\"auto\">\n<div class=\"gmail_quote\" dir=\"auto\">\n<div class=\"gmail_attr\" style=\"text-align: center;\">\n<p>(Anl\u00e4sslich der<b> Europa-Parlaments-Wahlen im Juni 2024)<\/b><\/p>\n<div class=\"gmail_quote\">\n<h3 class=\"gmail_attr\" dir=\"ltr\" style=\"text-align: center;\"><b>Vortrag in Franz\u00f6sisch mit laufender \u00dcbersetzung ins Deutsche<\/b>.<\/h3>\n<h3 style=\"text-align: left;\">Inhalt:<\/h3>\n<\/div>\n<h3 style=\"text-align: left;\"><b>Ist die Europ\u00e4ische Union das viel zitierte &#8222;Friedensprojekt&#8220; oder vielmehr ein anti-eurasisches Projekt, das die nationale Souver\u00e4nit\u00e4t aush\u00f6hlt und seit 2013 Konflikte im Herzen Eurasiens heraufbeschw\u00f6rt?\u00a0<\/b><\/h3>\n<p style=\"text-align: left;\">Frau Dr. Lacroix-Riz wird die strukturellen und handelspolitischen Wurzeln der sogenannten\u00a0<i>europ\u00e4ischen Integration<\/i>\u00a0darstellen, die im eurolyrischen Diskurs regelm\u00e4\u00dfig verschwiegen werden.<\/p>\n<p style=\"text-align: left;\">Die <i>Europ\u00e4ische Gemeinschaft f\u00fcr Kohle und Stahl<\/i> (EGKS: Vorg\u00e4ngerinstitution der EG) war ein transatlantisches strategisches Produkt der <i>Public Diplomacy<\/i> des nordamerikanischen <b><i>Council on Foreign Relations<\/i><\/b>. Rund um dieses umfassende historische und politische Thema ver\u00f6ffentlichte die Historikerin Annie Lacroix-Riz unter anderem ihre Doktorarbeit\u00a0<i>Choix de Marianne<\/i> (1985) sowie\u00a0<i>&#8222;Les \u00e9lites fran\u00e7aises, 1940-1944.<\/i> <i>De la collaboration avec l&#8217;Allemagne \u00e0 l&#8217;alliance am\u00e9ricaine&#8220;<\/i> (Paris, Armand Colin, 2016) und &#8222;<i>Aux origines du carcan europ\u00e9en, 1900-1960&#8243;<\/i> (2016). Frau Lacroix-Riz hat aufgezeigt, dass das deutsch-nordamerikanische Projekt aus der ersten Nachkriegszeit stammt und dass die Protagonisten der Zwischenkriegszeit sp\u00e4ter auch die EGKS-Protagonisten waren.<\/p>\n<p style=\"text-align: left;\">Dabei soll die politische Ausrichtung der &#8222;V\u00e4ter Europas&#8220; wie Robert Schuman, der 1940 Staatssekret\u00e4r unter P\u00e9tain in Vichy war, und dem neoliberalen Bankokraten Jean Monnet, Protagonist des <b><i>Council on Foreign Relations<\/i><\/b><i> <\/i>, beleuchtet werden: die frappierende Kongruenz zwischen der atlantischen Ursprungstendenz und der gegenw\u00e4rtigen konfrontativen Ausrichtung dieses supranationalen politischen Projekts, das sich faktisch gegen die demokratische Souver\u00e4nit\u00e4t der V\u00f6lker richtet, springt ins Auge, und ihre wissenschaftlich fundierte Wahrnehmung ist entscheidend f\u00fcr die Entwicklung eines unverzichtbaren eurasischen Friedenspfades, auf dem alle V\u00f6lker gleichberechtigt Handel, \u00f6kologische Transformation und interkulturellen Austausch statt Aufr\u00fcstung f\u00f6rdern.<\/p>\n<\/div>\n<\/div>\n<\/div>\n<\/div>\n<div class=\"gmail_signature\" dir=\"ltr\" data-smartmail=\"gmail_signature\">\n<div dir=\"ltr\">\n<div>\n<div class=\"moz-text-html\" lang=\"x-unicode\">\n<div dir=\"ltr\">\n<div>Beleuchtet wird die Sammlung der EGKS-Protagonisten bereits w\u00e4hrend der nordamerikanisch-europ\u00e4ischen Kartelle der Zwischenkriegszeit, welche im Zweiten Weltkrieg in einen ersten Anlauf zur &#8218;<i>europ\u00e4ischen Integration<\/i>&#8218; m\u00fcndete (Anfang der 1940er entwickelte Berlin einen Entwurf f\u00fcr eine gemeinsame europ\u00e4ische W\u00e4hrung etc.).<\/div>\n<div>\u00a0Das Personal der wahldemokratisch-nordamerikanisch ausgerichteten <i><b>europ\u00e4ischen Integration 2.0 <\/b><\/i>(Hallstein, Schuman..) war weitgehend identisch geblieben bis Ende der 1960er Jahre, als Charles de Gaulle die Entfernung Hallsteins von dem Posten des Kommissionspr\u00e4sidenten erwirkte in Folge seiner ber\u00fchmten &#8218;Politik des leeren Stuhls&#8216;.<\/div>\n<p>Seit 2022 erleben wir das Wiederankn\u00fcpfen an den alten, \u00fcberwunden geglaubten, russophoben, pangermanistisch-imperialistischen Kriegspfad.<\/p>\n<div><\/div>\n<\/div>\n<\/div>\n<\/div>\n<div><\/div>\n<div><strong>Buchhinweis:<\/strong><\/div>\n<\/div>\n<\/div>\n<p><a href=\"https:\/\/i0.wp.com\/www.berlin.freidenker.org\/wp-content\/uploads\/2024\/04\/Buchtitel-Umschlag-erschein-04-2024.jpeg?ssl=1\"><img data-recalc-dims=\"1\" loading=\"lazy\" decoding=\"async\" class=\"size-full wp-image-6642 alignleft\" src=\"https:\/\/i0.wp.com\/www.berlin.freidenker.org\/wp-content\/uploads\/2024\/04\/Buchtitel-Umschlag-erschein-04-2024.jpeg?resize=182%2C295&#038;ssl=1\" alt=\"\" width=\"182\" height=\"295\" \/><\/a>F\u00fcr Interessierte:<br \/>\nim April 2024 erscheint die Neuauflage des Buches aus den 1990er Jahren:<\/p>\n<h5>LE CHOIX DE LA D\u00c9FAITE<br \/>\nLes \u00e9lites fran\u00e7aises dans les ann\u00e9es 1930<br \/>\nCollection :\u00a0<a class=\"lien-collection\" href=\"https:\/\/www.dunod.com\/collection\/dunod-poche\">Dunod Poche, Dunod<\/a><br \/>\nParution :\u00a0 avril 2024 Neu aufgelegte erweiterte Edition<\/h5>\n<div class=\"presentation-coupee\">\n<h6 class=\"texte\">Quelles sont les causes de la D\u00e9faite de 1940 ?<br \/>\nLe grand historien Marc Bloch \u00e9crivait en avril 1944 :<br \/>\n\u00ab Le jour viendra [\u2026] et peut-\u00eatre bient\u00f4t o\u00f9 il sera<br \/>\npossible de faire la lumi\u00e8re sur les intrigues men\u00e9es<br \/>\nchez nous de 1933 \u00e0 1939&#8230;<\/h6>\n<\/div>\n<p>&nbsp;<\/p>\n<p><strong>Prof. Dr. Lacroix-Riz hat zum Thema des nordamerikanischen Einflusses in Europa zahlreiche wissenschaftliche Artikel, ihre Doktorarbeit (Choix de Marianne [1980er]) sowie insbesondere folgende Werke ver\u00f6ffentlicht:<\/strong><\/p>\n<p class=\"gmail-MsoBodyText\"><span lang=\"FR\">1. Zum \u00dcbergang der franz\u00f6sischen Eliten von der Anlehnung an das deutsche Gro\u00dfkapital (1924-Zweiter Weltkrieg) hin zum\u00a0<b>US-Gravitationszentrum des\u00a0<\/b><\/span><b>neuen historischen Westens<\/b><span lang=\"FR\">:\u00a0<i>Les \u00e9lites fran\u00e7aises<\/i><\/span><i><span lang=\"FR\">, 1940-1944. De la collaboration avec l\u2019Allemagne \u00e0 l\u2019alliance am\u00e9ricaine<\/span><\/i><span lang=\"FR\">, Paris, Armand Colin, 2016.<\/span><\/p>\n<p class=\"gmail-MsoBodyText\"><span lang=\"FR-CA\">2. &#8222;<i>Zu den Urspr\u00fcngen der europ\u00e4ischen Zw\u00e4nge<\/i>&#8220; &#8211;\u00a0<i>Aux origines du carcan europ\u00e9en, 1900-1960,\u00a0<\/i>2016.<\/span><\/p>\n<p class=\"gmail-MsoBodyText\"><span lang=\"FR-CA\">3. &#8222;Die Urspr\u00fcnge des Marshallplans&#8220; &#8211;\u00a0<i>Les origines du Plan Marshall,\u00a0<\/i>2023. Rezensionen\u00a0 von <i>G<\/i><\/span><span lang=\"FR\"><i>erman-Foreign-Policy<\/i>, 17. Oktober 2023, in deuscher Sprache:\u00a0<a href=\"https:\/\/www.german-foreign-policy.com\/news\/detail\/9375\" target=\"_blank\" rel=\"noopener\">https:\/\/www.german-foreign-policy.com\/news\/detail\/9375<\/a>\u00a0und in englischer Sprache:\u00a0<a href=\"https:\/\/www.german-foreign-policy.com\/en\/news\/detail\/9375\" target=\"_blank\" rel=\"noopener\">https:\/\/www.german-foreign-policy.com\/en\/news\/detail\/9375<\/a><\/span><\/p>\n<div><\/div>\n<p><em>Bild-Quellen:<br \/>\nBuchhinweis: https:\/\/www.dunod.com\/livres-annie-lacroix-riz<\/em><\/p>\n[fb 23.04.2024-18:440\/25.04.2024-14:20\/07.05.2024-11:50]\n","protected":false},"excerpt":{"rendered":"<p>Vortrag von Madame Prof. Dr. Annie Lacroix-Riz \u00fcber: Urspr\u00fcnge und den Zweck der sog. europ\u00e4ischen Integration Annie Lacroix-Riz (professeur \u00e9m\u00e9rite d\u2019histoire contemporaine \u00e0 l\u2019Universit\u00e9 Paris 7) bei den Freidenkern<\/p>\n","protected":false},"author":12,"featured_media":0,"comment_status":"closed","ping_status":"closed","sticky":false,"template":"","format":"standard","meta":{"jetpack_post_was_ever_published":false,"_jetpack_newsletter_access":"","_jetpack_dont_email_post_to_subs":false,"_jetpack_newsletter_tier_id":0,"_jetpack_memberships_contains_paywalled_content":false,"_jetpack_memberships_contains_paid_content":false,"footnotes":""},"categories":[1,746,753,14,763,21,13,764],"tags":[],"class_list":["post-6638","post","type-post","status-publish","format-standard","hentry","category-allgemein","category-antifaschismus","category-demokratie","category-aktivitaeten-des-dfv-berlin","category-geschichte","category-politik","category-veranstaltungen","category-zeitgeschichte"],"jetpack_featured_media_url":"","jetpack_shortlink":"https:\/\/wp.me\/py5dN-1J4","jetpack_sharing_enabled":true,"_links":{"self":[{"href":"https:\/\/www.berlin.freidenker.org\/index.php?rest_route=\/wp\/v2\/posts\/6638","targetHints":{"allow":["GET"]}}],"collection":[{"href":"https:\/\/www.berlin.freidenker.org\/index.php?rest_route=\/wp\/v2\/posts"}],"about":[{"href":"https:\/\/www.berlin.freidenker.org\/index.php?rest_route=\/wp\/v2\/types\/post"}],"author":[{"embeddable":true,"href":"https:\/\/www.berlin.freidenker.org\/index.php?rest_route=\/wp\/v2\/users\/12"}],"replies":[{"embeddable":true,"href":"https:\/\/www.berlin.freidenker.org\/index.php?rest_route=%2Fwp%2Fv2%2Fcomments&post=6638"}],"version-history":[{"count":9,"href":"https:\/\/www.berlin.freidenker.org\/index.php?rest_route=\/wp\/v2\/posts\/6638\/revisions"}],"predecessor-version":[{"id":6665,"href":"https:\/\/www.berlin.freidenker.org\/index.php?rest_route=\/wp\/v2\/posts\/6638\/revisions\/6665"}],"wp:attachment":[{"href":"https:\/\/www.berlin.freidenker.org\/index.php?rest_route=%2Fwp%2Fv2%2Fmedia&parent=6638"}],"wp:term":[{"taxonomy":"category","embeddable":true,"href":"https:\/\/www.berlin.freidenker.org\/index.php?rest_route=%2Fwp%2Fv2%2Fcategories&post=6638"},{"taxonomy":"post_tag","embeddable":true,"href":"https:\/\/www.berlin.freidenker.org\/index.php?rest_route=%2Fwp%2Fv2%2Ftags&post=6638"}],"curies":[{"name":"wp","href":"https:\/\/api.w.org\/{rel}","templated":true}]}}