{"id":6651,"date":"2024-05-17T23:20:16","date_gmt":"2024-05-17T21:20:16","guid":{"rendered":"https:\/\/www.berlin.freidenker.org\/?p=6651"},"modified":"2024-05-17T23:28:16","modified_gmt":"2024-05-17T21:28:16","slug":"wir-weigern-uns-feinde-zu-sein-friedenscamp-in-ramstein-16-23-juni-2024","status":"publish","type":"post","link":"https:\/\/www.berlin.freidenker.org\/?p=6651","title":{"rendered":"Wir weigern uns Feinde zu sein! Friedenscamp in Ramstein 16.-23. Juni 2024"},"content":{"rendered":"<p>Wir m\u00f6chten Euch an dieser Stelle auf das Friedenscamp in Ramstein aufmerksam machen:<\/p>\n<div id=\"attachment_6652\" style=\"width: 488px\" class=\"wp-caption alignnone\"><a href=\"https:\/\/i0.wp.com\/www.berlin.freidenker.org\/wp-content\/uploads\/2024\/05\/Friedenscamp-2024.jpg?ssl=1\"><img data-recalc-dims=\"1\" loading=\"lazy\" decoding=\"async\" aria-describedby=\"caption-attachment-6652\" class=\" wp-image-6652\" src=\"https:\/\/i0.wp.com\/www.berlin.freidenker.org\/wp-content\/uploads\/2024\/05\/Friedenscamp-2024.jpg?resize=478%2C478&#038;ssl=1\" alt=\"Friedenscamp Ramstein 16.-23.Juni 2024\" width=\"478\" height=\"478\" srcset=\"https:\/\/i0.wp.com\/www.berlin.freidenker.org\/wp-content\/uploads\/2024\/05\/Friedenscamp-2024.jpg?resize=300%2C300&amp;ssl=1 300w, https:\/\/i0.wp.com\/www.berlin.freidenker.org\/wp-content\/uploads\/2024\/05\/Friedenscamp-2024.jpg?resize=150%2C150&amp;ssl=1 150w, https:\/\/i0.wp.com\/www.berlin.freidenker.org\/wp-content\/uploads\/2024\/05\/Friedenscamp-2024.jpg?w=500&amp;ssl=1 500w\" sizes=\"auto, (max-width: 478px) 100vw, 478px\" \/><\/a><p id=\"caption-attachment-6652\" class=\"wp-caption-text\">Friedenscamp in Ramstein 2024 vom 16. Juni bis 23. Juni.<\/p><\/div>\n<h5>Auszug aus der Einladung<br \/>\nQuelle: https:\/\/www.stoppramstein.de\/?na=v&amp;nk=4-17558cf810&amp;id=167<\/h5>\n<h1>Wir weigern uns Feinde zu sein!<\/h1>\n<p><!--more--><\/p>\n<p>In einer Zeit, in der die Kriegspropaganda immer lauter wird, ist es notwendig, dass wir als Friedensbewegung ebenfalls immer lauter werden und uns f\u00fcr die friedliche L\u00f6sung von Konflikten einsetzen und uns klar gegen eine deutsche Kriegsbeteiligung und Waffenlieferungen sowie Aufr\u00fcstung aussprechen. Deutschland muss nicht wieder kriegst\u00fcchtig werden, sondern <strong>friedenst\u00fcchtig!<\/strong> Wir wollen keine Politik, die auf Konfrontation und Feindschaft beruht, sondern eine friedliche Politik, die auf Verhandlung und Diplomatie setzt.<\/p>\n<p>Die US Air Base Ramstein steht f\u00fcr (verdeckte) Kriegsf\u00fchrung und damit <strong>gegen<\/strong> Frieden auf der Welt. Deshalb werden wir nicht m\u00fcde und organisieren auch dieses Jahr wieder eine Friedenswoche, um einen Teil dazu beizutragen, dass Liebe und Frieden anstatt von Hass und Krieg herrschen. Wir nehmen die Energie des anbrechenden Fr\u00fchlings mit und bereiten mit Vorfreude die Friedenswoche zum Sommerbeginn um die Sommersonnenwende vor.<\/p>\n<p><strong>Friedenswoche 2024 und Anmeldung f\u00fcrs Camp<\/strong><\/p>\n<p>Die Friedenswoche vom <strong>16.- 23. Juni<\/strong> l\u00e4uft diesmal unter dem Motto: <strong>Wir weigern uns Feinde zu sein!<\/strong> Wir sehen die Menschheit als eine Familie und solidarisieren uns daher mit allen Menschen, die von den Leiden des Krieges betroffen sind. Kriegsf\u00fchrung ben\u00f6tigt Feinde, die gegeneinander aufgehetzt werden. Dem m\u00f6chten wir entgegentreten, indem wir Mitmenschen nicht abwerten, sondern die Gleichwertigkeit in jedem Menschen erkennen und Wege zur Freundschaft finden.<\/p>\n<p>Hierzu bietet das <strong>Friedenscamp<\/strong> (16.-23. Juni) die perfekte M\u00f6glichkeit, denn es bietet einen Begegnungsraum, wo viele friedensbewegte Menschen zusammenkommen und eine sch\u00f6ne Zeit zusammen haben, egal wo sie auch herkommen. Es gibt Live-Musik auf der B\u00fchne, Jam-Session in der Jurte und auch im Rahmen der <strong>Friedenswerkstatt <\/strong>(18.-21. Juni), die M\u00f6glichkeit sich friedenspolitisch auszutauschen.<\/p>\n<div id=\"attachment_6654\" style=\"width: 407px\" class=\"wp-caption alignnone\"><a href=\"https:\/\/i0.wp.com\/www.berlin.freidenker.org\/wp-content\/uploads\/2024\/05\/Camp-Termine.jpg?ssl=1\"><img data-recalc-dims=\"1\" loading=\"lazy\" decoding=\"async\" aria-describedby=\"caption-attachment-6654\" class=\" wp-image-6654\" src=\"https:\/\/i0.wp.com\/www.berlin.freidenker.org\/wp-content\/uploads\/2024\/05\/Camp-Termine.jpg?resize=397%2C415&#038;ssl=1\" alt=\"Friedenswoche 16.-23. Juni 2024 in Ramstein, Termine\" width=\"397\" height=\"415\" srcset=\"https:\/\/i0.wp.com\/www.berlin.freidenker.org\/wp-content\/uploads\/2024\/05\/Camp-Termine.jpg?resize=287%2C300&amp;ssl=1 287w, https:\/\/i0.wp.com\/www.berlin.freidenker.org\/wp-content\/uploads\/2024\/05\/Camp-Termine.jpg?w=477&amp;ssl=1 477w\" sizes=\"auto, (max-width: 397px) 100vw, 397px\" \/><\/a><p id=\"caption-attachment-6654\" class=\"wp-caption-text\">Protestaktionen, Abendversanstaltung, Demo in Kaiserslautern, u.a.<\/p><\/div>\n<p>Weitere Informationen und Anmeldung:<\/p>\n<p>https:\/\/www.stoppramstein.de\/?na=v&#038;nk=4-17558cf810&#038;id=167<\/p>\n[fb 07.05.2024-12:45\/17.05.2024-23:20]\n","protected":false},"excerpt":{"rendered":"<p>Wir m\u00f6chten Euch an dieser Stelle auf das Friedenscamp in Ramstein aufmerksam machen: Auszug aus der Einladung Quelle: https:\/\/www.stoppramstein.de\/?na=v&amp;nk=4-17558cf810&amp;id=167 Wir weigern uns Feinde zu sein!<\/p>\n","protected":false},"author":12,"featured_media":0,"comment_status":"closed","ping_status":"closed","sticky":false,"template":"","format":"standard","meta":{"jetpack_post_was_ever_published":false,"_jetpack_newsletter_access":"","_jetpack_dont_email_post_to_subs":false,"_jetpack_newsletter_tier_id":0,"_jetpack_memberships_contains_paywalled_content":false,"_jetpack_memberships_contains_paid_content":false,"footnotes":""},"categories":[1,22,45,13],"tags":[],"class_list":["post-6651","post","type-post","status-publish","format-standard","hentry","category-allgemein","category-friedensaktionen","category-friedensbewegung","category-veranstaltungen"],"jetpack_featured_media_url":"","jetpack_shortlink":"https:\/\/wp.me\/py5dN-1Jh","jetpack_sharing_enabled":true,"_links":{"self":[{"href":"https:\/\/www.berlin.freidenker.org\/index.php?rest_route=\/wp\/v2\/posts\/6651","targetHints":{"allow":["GET"]}}],"collection":[{"href":"https:\/\/www.berlin.freidenker.org\/index.php?rest_route=\/wp\/v2\/posts"}],"about":[{"href":"https:\/\/www.berlin.freidenker.org\/index.php?rest_route=\/wp\/v2\/types\/post"}],"author":[{"embeddable":true,"href":"https:\/\/www.berlin.freidenker.org\/index.php?rest_route=\/wp\/v2\/users\/12"}],"replies":[{"embeddable":true,"href":"https:\/\/www.berlin.freidenker.org\/index.php?rest_route=%2Fwp%2Fv2%2Fcomments&post=6651"}],"version-history":[{"count":4,"href":"https:\/\/www.berlin.freidenker.org\/index.php?rest_route=\/wp\/v2\/posts\/6651\/revisions"}],"predecessor-version":[{"id":6666,"href":"https:\/\/www.berlin.freidenker.org\/index.php?rest_route=\/wp\/v2\/posts\/6651\/revisions\/6666"}],"wp:attachment":[{"href":"https:\/\/www.berlin.freidenker.org\/index.php?rest_route=%2Fwp%2Fv2%2Fmedia&parent=6651"}],"wp:term":[{"taxonomy":"category","embeddable":true,"href":"https:\/\/www.berlin.freidenker.org\/index.php?rest_route=%2Fwp%2Fv2%2Fcategories&post=6651"},{"taxonomy":"post_tag","embeddable":true,"href":"https:\/\/www.berlin.freidenker.org\/index.php?rest_route=%2Fwp%2Fv2%2Ftags&post=6651"}],"curies":[{"name":"wp","href":"https:\/\/api.w.org\/{rel}","templated":true}]}}