{"id":6672,"date":"2024-05-18T10:07:34","date_gmt":"2024-05-18T08:07:34","guid":{"rendered":"https:\/\/www.berlin.freidenker.org\/?p=6672"},"modified":"2024-05-18T10:07:34","modified_gmt":"2024-05-18T08:07:34","slug":"prof-dr-annie-lacroix-riz-aus-paris-bei-den-freidenkern-am-17-mai-2024-im-sprechsaal","status":"publish","type":"post","link":"https:\/\/www.berlin.freidenker.org\/?p=6672","title":{"rendered":"Prof. Dr. Annie Lacroix-Riz aus Paris bei den Freidenkern am 17. Mai 2024 im Sprechsaal"},"content":{"rendered":"<h4>Hier ein paar wenige Bilder zur Veranstaltung am 17. Mai im Sprechsaal, die weitere Berichterstattung folgt am Ende des Monats.<\/h4>\n<h4>F\u00fcr einen kleinen ersten Eindruck:<\/h4>\n<div id=\"attachment_6673\" style=\"width: 327px\" class=\"wp-caption alignnone\"><a href=\"https:\/\/i0.wp.com\/www.berlin.freidenker.org\/wp-content\/uploads\/2024\/05\/IMG_20240517_193248-scaled.jpg?ssl=1\"><img data-recalc-dims=\"1\" loading=\"lazy\" decoding=\"async\" aria-describedby=\"caption-attachment-6673\" class=\" wp-image-6673\" src=\"https:\/\/i0.wp.com\/www.berlin.freidenker.org\/wp-content\/uploads\/2024\/05\/IMG_20240517_193248.jpg?resize=317%2C238&#038;ssl=1\" alt=\"Foto Madame Annie Lacroix-Riz im Sprechsaal 17. Mai 2024\" width=\"317\" height=\"238\" srcset=\"https:\/\/i0.wp.com\/www.berlin.freidenker.org\/wp-content\/uploads\/2024\/05\/IMG_20240517_193248-scaled.jpg?resize=300%2C225&amp;ssl=1 300w, https:\/\/i0.wp.com\/www.berlin.freidenker.org\/wp-content\/uploads\/2024\/05\/IMG_20240517_193248-scaled.jpg?resize=1024%2C768&amp;ssl=1 1024w, https:\/\/i0.wp.com\/www.berlin.freidenker.org\/wp-content\/uploads\/2024\/05\/IMG_20240517_193248-scaled.jpg?resize=768%2C576&amp;ssl=1 768w, https:\/\/i0.wp.com\/www.berlin.freidenker.org\/wp-content\/uploads\/2024\/05\/IMG_20240517_193248-scaled.jpg?resize=1536%2C1152&amp;ssl=1 1536w, https:\/\/i0.wp.com\/www.berlin.freidenker.org\/wp-content\/uploads\/2024\/05\/IMG_20240517_193248-scaled.jpg?resize=2048%2C1536&amp;ssl=1 2048w\" sizes=\"auto, (max-width: 317px) 100vw, 317px\" \/><\/a><p id=\"caption-attachment-6673\" class=\"wp-caption-text\">Prof. Dr.\u00a0 Annie Lacroix-Riz im Sprechsaal 17. Mai 2024 mit dem Vorsitzenden (LV Berlin) Tobias Baumann, der die laufende \u00dcbersetzung vom Franz\u00f6sischen ins Deutsche \u00fcbernahm und durch die Veranstaltung leitete.<\/p><\/div>\n<h1><\/h1>\n<h1>Urspr\u00fcnge und den Zweck der sog. <i>europ\u00e4ischen Integration<\/i><\/h1>\n<div id=\"attachment_6674\" style=\"width: 235px\" class=\"wp-caption alignnone\"><a href=\"https:\/\/i0.wp.com\/www.berlin.freidenker.org\/wp-content\/uploads\/2024\/05\/IMG_20240517_190306-scaled.jpg?ssl=1\"><img data-recalc-dims=\"1\" loading=\"lazy\" decoding=\"async\" aria-describedby=\"caption-attachment-6674\" class=\"size-medium wp-image-6674\" src=\"https:\/\/i0.wp.com\/www.berlin.freidenker.org\/wp-content\/uploads\/2024\/05\/IMG_20240517_190306.jpg?resize=225%2C300&#038;ssl=1\" alt=\"Foto Madame Annie Lacroix-Riz im Sprechsaal 17. Mai 2024\" width=\"225\" height=\"300\" srcset=\"https:\/\/i0.wp.com\/www.berlin.freidenker.org\/wp-content\/uploads\/2024\/05\/IMG_20240517_190306-scaled.jpg?resize=225%2C300&amp;ssl=1 225w, https:\/\/i0.wp.com\/www.berlin.freidenker.org\/wp-content\/uploads\/2024\/05\/IMG_20240517_190306-scaled.jpg?resize=768%2C1024&amp;ssl=1 768w, https:\/\/i0.wp.com\/www.berlin.freidenker.org\/wp-content\/uploads\/2024\/05\/IMG_20240517_190306-scaled.jpg?resize=1152%2C1536&amp;ssl=1 1152w, https:\/\/i0.wp.com\/www.berlin.freidenker.org\/wp-content\/uploads\/2024\/05\/IMG_20240517_190306-scaled.jpg?resize=1536%2C2048&amp;ssl=1 1536w, https:\/\/i0.wp.com\/www.berlin.freidenker.org\/wp-content\/uploads\/2024\/05\/IMG_20240517_190306-scaled.jpg?w=1920&amp;ssl=1 1920w\" sizes=\"auto, (max-width: 225px) 100vw, 225px\" \/><\/a><p id=\"caption-attachment-6674\" class=\"wp-caption-text\">Madame Annie Lacroix-Riz im Sprechsaal 17. Mai 2024<\/p><\/div>\n<div id=\"attachment_6676\" style=\"width: 310px\" class=\"wp-caption alignnone\"><a href=\"https:\/\/i0.wp.com\/www.berlin.freidenker.org\/wp-content\/uploads\/2024\/05\/IMG_20240517_190456-scaled.jpg?ssl=1\"><img data-recalc-dims=\"1\" loading=\"lazy\" decoding=\"async\" aria-describedby=\"caption-attachment-6676\" class=\"size-medium wp-image-6676\" src=\"https:\/\/i0.wp.com\/www.berlin.freidenker.org\/wp-content\/uploads\/2024\/05\/IMG_20240517_190456.jpg?resize=300%2C225&#038;ssl=1\" alt=\"Foto Publikum im Sprechsaal am 17. Mai 24 bei Annie Lacroix-Riz\" width=\"300\" height=\"225\" srcset=\"https:\/\/i0.wp.com\/www.berlin.freidenker.org\/wp-content\/uploads\/2024\/05\/IMG_20240517_190456-scaled.jpg?resize=300%2C225&amp;ssl=1 300w, https:\/\/i0.wp.com\/www.berlin.freidenker.org\/wp-content\/uploads\/2024\/05\/IMG_20240517_190456-scaled.jpg?resize=1024%2C768&amp;ssl=1 1024w, https:\/\/i0.wp.com\/www.berlin.freidenker.org\/wp-content\/uploads\/2024\/05\/IMG_20240517_190456-scaled.jpg?resize=768%2C576&amp;ssl=1 768w, https:\/\/i0.wp.com\/www.berlin.freidenker.org\/wp-content\/uploads\/2024\/05\/IMG_20240517_190456-scaled.jpg?resize=1536%2C1152&amp;ssl=1 1536w, https:\/\/i0.wp.com\/www.berlin.freidenker.org\/wp-content\/uploads\/2024\/05\/IMG_20240517_190456-scaled.jpg?resize=2048%2C1536&amp;ssl=1 2048w\" sizes=\"auto, (max-width: 300px) 100vw, 300px\" \/><\/a><p id=\"caption-attachment-6676\" class=\"wp-caption-text\">Publikum im Sprechsaal am 17. Mai 24 bei Annie Lacroix-Riz<\/p><\/div>\n<p><!--more--><\/p>\n<p><a href=\"https:\/\/i0.wp.com\/www.berlin.freidenker.org\/wp-content\/uploads\/2024\/05\/IMG_20240517_193524-scaled.jpg?ssl=1\"><img data-recalc-dims=\"1\" loading=\"lazy\" decoding=\"async\" class=\"alignnone size-medium wp-image-6683\" src=\"https:\/\/i0.wp.com\/www.berlin.freidenker.org\/wp-content\/uploads\/2024\/05\/IMG_20240517_193524.jpg?resize=300%2C225&#038;ssl=1\" alt=\"\" width=\"300\" height=\"225\" srcset=\"https:\/\/i0.wp.com\/www.berlin.freidenker.org\/wp-content\/uploads\/2024\/05\/IMG_20240517_193524-scaled.jpg?resize=300%2C225&amp;ssl=1 300w, https:\/\/i0.wp.com\/www.berlin.freidenker.org\/wp-content\/uploads\/2024\/05\/IMG_20240517_193524-scaled.jpg?resize=1024%2C768&amp;ssl=1 1024w, https:\/\/i0.wp.com\/www.berlin.freidenker.org\/wp-content\/uploads\/2024\/05\/IMG_20240517_193524-scaled.jpg?resize=768%2C576&amp;ssl=1 768w, https:\/\/i0.wp.com\/www.berlin.freidenker.org\/wp-content\/uploads\/2024\/05\/IMG_20240517_193524-scaled.jpg?resize=1536%2C1152&amp;ssl=1 1536w, https:\/\/i0.wp.com\/www.berlin.freidenker.org\/wp-content\/uploads\/2024\/05\/IMG_20240517_193524-scaled.jpg?resize=2048%2C1536&amp;ssl=1 2048w\" sizes=\"auto, (max-width: 300px) 100vw, 300px\" \/><\/a><\/p>\n<p><a href=\"https:\/\/i0.wp.com\/www.berlin.freidenker.org\/wp-content\/uploads\/2024\/05\/IMG_20240517_190503-scaled.jpg?ssl=1\"><img data-recalc-dims=\"1\" loading=\"lazy\" decoding=\"async\" class=\"alignnone size-medium wp-image-6679\" src=\"https:\/\/i0.wp.com\/www.berlin.freidenker.org\/wp-content\/uploads\/2024\/05\/IMG_20240517_190503.jpg?resize=300%2C225&#038;ssl=1\" alt=\"\" width=\"300\" height=\"225\" srcset=\"https:\/\/i0.wp.com\/www.berlin.freidenker.org\/wp-content\/uploads\/2024\/05\/IMG_20240517_190503-scaled.jpg?resize=300%2C225&amp;ssl=1 300w, https:\/\/i0.wp.com\/www.berlin.freidenker.org\/wp-content\/uploads\/2024\/05\/IMG_20240517_190503-scaled.jpg?resize=1024%2C768&amp;ssl=1 1024w, https:\/\/i0.wp.com\/www.berlin.freidenker.org\/wp-content\/uploads\/2024\/05\/IMG_20240517_190503-scaled.jpg?resize=768%2C576&amp;ssl=1 768w, https:\/\/i0.wp.com\/www.berlin.freidenker.org\/wp-content\/uploads\/2024\/05\/IMG_20240517_190503-scaled.jpg?resize=1536%2C1152&amp;ssl=1 1536w, https:\/\/i0.wp.com\/www.berlin.freidenker.org\/wp-content\/uploads\/2024\/05\/IMG_20240517_190503-scaled.jpg?resize=2048%2C1536&amp;ssl=1 2048w\" sizes=\"auto, (max-width: 300px) 100vw, 300px\" \/><\/a><\/p>\n<p><a href=\"https:\/\/i0.wp.com\/www.berlin.freidenker.org\/wp-content\/uploads\/2024\/05\/IMG_20240517_184255-scaled.jpg?ssl=1\"><img data-recalc-dims=\"1\" loading=\"lazy\" decoding=\"async\" class=\"alignnone size-medium wp-image-6678\" src=\"https:\/\/i0.wp.com\/www.berlin.freidenker.org\/wp-content\/uploads\/2024\/05\/IMG_20240517_184255.jpg?resize=225%2C300&#038;ssl=1\" alt=\"\" width=\"225\" height=\"300\" srcset=\"https:\/\/i0.wp.com\/www.berlin.freidenker.org\/wp-content\/uploads\/2024\/05\/IMG_20240517_184255-scaled.jpg?resize=225%2C300&amp;ssl=1 225w, https:\/\/i0.wp.com\/www.berlin.freidenker.org\/wp-content\/uploads\/2024\/05\/IMG_20240517_184255-scaled.jpg?resize=768%2C1024&amp;ssl=1 768w, https:\/\/i0.wp.com\/www.berlin.freidenker.org\/wp-content\/uploads\/2024\/05\/IMG_20240517_184255-scaled.jpg?resize=1152%2C1536&amp;ssl=1 1152w, https:\/\/i0.wp.com\/www.berlin.freidenker.org\/wp-content\/uploads\/2024\/05\/IMG_20240517_184255-scaled.jpg?resize=1536%2C2048&amp;ssl=1 1536w, https:\/\/i0.wp.com\/www.berlin.freidenker.org\/wp-content\/uploads\/2024\/05\/IMG_20240517_184255-scaled.jpg?w=1920&amp;ssl=1 1920w\" sizes=\"auto, (max-width: 225px) 100vw, 225px\" \/><\/a><\/p>\n","protected":false},"excerpt":{"rendered":"<p>Hier ein paar wenige Bilder zur Veranstaltung am 17. Mai im Sprechsaal, die weitere Berichterstattung folgt am Ende des Monats. F\u00fcr einen kleinen ersten Eindruck: Urspr\u00fcnge und den Zweck der sog. europ\u00e4ischen Integration<\/p>\n","protected":false},"author":12,"featured_media":0,"comment_status":"closed","ping_status":"closed","sticky":false,"template":"","format":"standard","meta":{"jetpack_post_was_ever_published":false,"_jetpack_newsletter_access":"","_jetpack_dont_email_post_to_subs":false,"_jetpack_newsletter_tier_id":0,"_jetpack_memberships_contains_paywalled_content":false,"_jetpack_memberships_contains_paid_content":false,"footnotes":""},"categories":[1,30,751,47,8,764],"tags":[],"class_list":["post-6672","post","type-post","status-publish","format-standard","hentry","category-allgemein","category-europa","category-multipolare-welt","category-nation","category-standpunkte","category-zeitgeschichte"],"jetpack_featured_media_url":"","jetpack_shortlink":"https:\/\/wp.me\/py5dN-1JC","jetpack_sharing_enabled":true,"_links":{"self":[{"href":"https:\/\/www.berlin.freidenker.org\/index.php?rest_route=\/wp\/v2\/posts\/6672","targetHints":{"allow":["GET"]}}],"collection":[{"href":"https:\/\/www.berlin.freidenker.org\/index.php?rest_route=\/wp\/v2\/posts"}],"about":[{"href":"https:\/\/www.berlin.freidenker.org\/index.php?rest_route=\/wp\/v2\/types\/post"}],"author":[{"embeddable":true,"href":"https:\/\/www.berlin.freidenker.org\/index.php?rest_route=\/wp\/v2\/users\/12"}],"replies":[{"embeddable":true,"href":"https:\/\/www.berlin.freidenker.org\/index.php?rest_route=%2Fwp%2Fv2%2Fcomments&post=6672"}],"version-history":[{"count":3,"href":"https:\/\/www.berlin.freidenker.org\/index.php?rest_route=\/wp\/v2\/posts\/6672\/revisions"}],"predecessor-version":[{"id":6686,"href":"https:\/\/www.berlin.freidenker.org\/index.php?rest_route=\/wp\/v2\/posts\/6672\/revisions\/6686"}],"wp:attachment":[{"href":"https:\/\/www.berlin.freidenker.org\/index.php?rest_route=%2Fwp%2Fv2%2Fmedia&parent=6672"}],"wp:term":[{"taxonomy":"category","embeddable":true,"href":"https:\/\/www.berlin.freidenker.org\/index.php?rest_route=%2Fwp%2Fv2%2Fcategories&post=6672"},{"taxonomy":"post_tag","embeddable":true,"href":"https:\/\/www.berlin.freidenker.org\/index.php?rest_route=%2Fwp%2Fv2%2Ftags&post=6672"}],"curies":[{"name":"wp","href":"https:\/\/api.w.org\/{rel}","templated":true}]}}