{"id":6724,"date":"2024-07-26T21:13:15","date_gmt":"2024-07-26T19:13:15","guid":{"rendered":"https:\/\/www.berlin.freidenker.org\/?p=6724"},"modified":"2024-07-26T21:18:38","modified_gmt":"2024-07-26T19:18:38","slug":"berlin-fiesta-de-solidaridad-2024-samstag-27-juli-14-22-uhr-parkaue-stadtpark-lichtenberg","status":"publish","type":"post","link":"https:\/\/www.berlin.freidenker.org\/?p=6724","title":{"rendered":"Berlin: Fiesta de Solidaridad 2024, Samstag, 27.Juli 14-22 Uhr, Parkaue Stadtpark Lichtenberg"},"content":{"rendered":"<h1 class=\"title\">Berlin: Fiesta de Solidaridad 2024<\/h1>\n<p>am Samstag, 27. Juli findet das Festival von<\/p>\n<p><em><strong>14 bis 22 Uhr <\/strong>im<strong> Stadtpark Lichtenberg<\/strong> (Parkaue) statt.<br \/>\n<\/em><\/p>\n<p><em>Wir sind mit einem Stand vertreten und freuen uns auf Euren Besuch!<\/em><\/p>\n<div id=\"content-area\">\n<div id=\"node-2835\" class=\"node node-type-termin build-mode-full clearfix\">\n<div class=\"content\">\n<div class=\"field field-type-filefield field-field-image\">\n<div class=\"field-items\">\n<div class=\"field-item\">\n<p><a class=\"imagefield imagefield-lightbox2 imagefield-lightbox2-article imagefield-field_image imagecache imagecache-field_image imagecache-article imagecache-field_image-article lightbox-processed\" href=\"https:\/\/i0.wp.com\/cuba-si.org\/files\/cuba\/imagecache\/lightbox\/20220723-19-22-39-bearbeitet.jpg?ssl=1\" rel=\"lightbox[field_image][Impressionen der Fiesta de Solidaridad 2022; Foto: Gabi Senft]\"><img data-recalc-dims=\"1\" loading=\"lazy\" decoding=\"async\" title=\"Impressionen der Fiesta de Solidaridad 2022; Foto: Gabi Senft\" src=\"https:\/\/i0.wp.com\/cuba-si.org\/files\/cuba\/imagecache\/article\/20220723-19-22-39-bearbeitet.jpg?resize=400%2C300&#038;ssl=1\" alt=\"Impressionen der Fiesta de Solidaridad 2022; Foto: Gabi Senft\" width=\"400\" height=\"300\" \/><\/a><\/p>\n<div class=\"image-caption\">Impressionen der Fiesta de Solidaridad 2022; Foto: Gabi Senft<\/div>\n<pre>Quelle: Webseite von Cuba S\u00ed -\u00a0 \r\nhttps:\/\/cuba-si.org\/2024\/7\/berlin-fiesta-de-solidaridad-2024<\/pre>\n<\/div>\n<\/div>\n<\/div>\n<p>&gt; Es ist wieder Fiesta-Zeit! Wir feiern den kubanischen Nationalfeiertag open-air in der Parkaue im Stadtpark Berlin-Lichtenberg und freuen uns, wenn auch Ihr wieder dabei seid!<\/p>\n<p>Auf der B\u00fchne erwartet Euch ein abwechslungsreiches Musik- und Talkprogramm und bei der gro\u00dfen Solidarit\u00e4tstombola als spektakul\u00e4rer Hauptpreis eine Flugreise nach Kuba! Als H\u00f6hepunkte des Abends freuen wir uns auf die Berliner Latino-Jungs von Sistema Sonidero und die kubanischen Musiker von Ecos de Siboney, die als Nachfolger der Legenden des Buena Vista Social Club H\u00fcften und Tanzbeine zum Schwingen bringen werden!&lt;<\/p>\n<p>Das Programm findet ihr auf der Webseite von Cuba-Si.org<\/p>\n<h3><strong>Ab 22.00: After-Show-Party im Stadtteilladen Zielona G\u00f3ra <\/strong><\/h3>\n<p>Bis dahin<\/p>\n<p>Freidenker LV Berlin<\/p>\n<h6><strong>[26.07.2024 &#8211; 21:10 fb]<\/strong><\/h6>\n<\/div>\n<\/div>\n<\/div>\n","protected":false},"excerpt":{"rendered":"<p>Berlin: Fiesta de Solidaridad 2024 am Samstag, 27. Juli findet das Festival von 14 bis 22 Uhr im Stadtpark Lichtenberg (Parkaue) statt. Wir sind mit einem Stand vertreten und freuen uns auf Euren Besuch! Impressionen der Fiesta de Solidaridad 2022; Foto: Gabi Senft Quelle: Webseite von Cuba S\u00ed &#8211;\u00a0 https:\/\/cuba-si.org\/2024\/7\/berlin-fiesta-de-solidaridad-2024 &gt; Es ist wieder Fiesta-Zeit! [&hellip;]<\/p>\n","protected":false},"author":12,"featured_media":0,"comment_status":"closed","ping_status":"closed","sticky":false,"template":"","format":"standard","meta":{"jetpack_post_was_ever_published":false,"_jetpack_newsletter_access":"","_jetpack_dont_email_post_to_subs":false,"_jetpack_newsletter_tier_id":0,"_jetpack_memberships_contains_paywalled_content":false,"_jetpack_memberships_contains_paid_content":false,"footnotes":""},"categories":[1,14,19],"tags":[748,766,765,757,297,112],"class_list":["post-6724","post","type-post","status-publish","format-standard","hentry","category-allgemein","category-aktivitaeten-des-dfv-berlin","category-kultur","tag-cuba","tag-fest","tag-fiesta","tag-frieden","tag-kuba","tag-solidaritaet"],"jetpack_featured_media_url":"","jetpack_shortlink":"https:\/\/wp.me\/py5dN-1Ks","jetpack_sharing_enabled":true,"_links":{"self":[{"href":"https:\/\/www.berlin.freidenker.org\/index.php?rest_route=\/wp\/v2\/posts\/6724","targetHints":{"allow":["GET"]}}],"collection":[{"href":"https:\/\/www.berlin.freidenker.org\/index.php?rest_route=\/wp\/v2\/posts"}],"about":[{"href":"https:\/\/www.berlin.freidenker.org\/index.php?rest_route=\/wp\/v2\/types\/post"}],"author":[{"embeddable":true,"href":"https:\/\/www.berlin.freidenker.org\/index.php?rest_route=\/wp\/v2\/users\/12"}],"replies":[{"embeddable":true,"href":"https:\/\/www.berlin.freidenker.org\/index.php?rest_route=%2Fwp%2Fv2%2Fcomments&post=6724"}],"version-history":[{"count":5,"href":"https:\/\/www.berlin.freidenker.org\/index.php?rest_route=\/wp\/v2\/posts\/6724\/revisions"}],"predecessor-version":[{"id":6729,"href":"https:\/\/www.berlin.freidenker.org\/index.php?rest_route=\/wp\/v2\/posts\/6724\/revisions\/6729"}],"wp:attachment":[{"href":"https:\/\/www.berlin.freidenker.org\/index.php?rest_route=%2Fwp%2Fv2%2Fmedia&parent=6724"}],"wp:term":[{"taxonomy":"category","embeddable":true,"href":"https:\/\/www.berlin.freidenker.org\/index.php?rest_route=%2Fwp%2Fv2%2Fcategories&post=6724"},{"taxonomy":"post_tag","embeddable":true,"href":"https:\/\/www.berlin.freidenker.org\/index.php?rest_route=%2Fwp%2Fv2%2Ftags&post=6724"}],"curies":[{"name":"wp","href":"https:\/\/api.w.org\/{rel}","templated":true}]}}