{"id":6730,"date":"2024-07-31T14:34:07","date_gmt":"2024-07-31T12:34:07","guid":{"rendered":"https:\/\/www.berlin.freidenker.org\/?p=6730"},"modified":"2024-07-31T14:49:00","modified_gmt":"2024-07-31T12:49:00","slug":"raus-fuer-den-frieden-3-august-hofjaegerallee","status":"publish","type":"post","link":"https:\/\/www.berlin.freidenker.org\/?p=6730","title":{"rendered":"Raus f\u00fcr den Frieden: 3. August &#8211; 12:00 Uhr Ernst-Reuter-Platz"},"content":{"rendered":"<p><a href=\"https:\/\/www.berlin.freidenker.org\/wp-content\/uploads\/2024\/07\/Flyer_b0308_Online-4x3_1024x768_XGA.jpg\" target=\"_blank\" rel=\"noopener\">Wir m\u00f6chten Euch auf die folgende Veranstaltung hinweisen:<\/a><a href=\"https:\/\/www.berlin.freidenker.org\/wp-content\/uploads\/2024\/07\/Flyer_b0308_Online-4x3_1024x768_XGA.jpg\"><br \/>\n<\/a><\/p>\n<div id=\"attachment_6737\" style=\"width: 467px\" class=\"wp-caption alignnone\"><a href=\"https:\/\/querdenken-30.de\/\" rel=\"Querdenken 30 Berlin\"><img data-recalc-dims=\"1\" loading=\"lazy\" decoding=\"async\" aria-describedby=\"caption-attachment-6737\" class=\"wp-image-6737\" src=\"https:\/\/i0.wp.com\/www.berlin.freidenker.org\/wp-content\/uploads\/2024\/07\/Flyer_b0308_Online-4x3_3200x2400_QUXGA.jpg?resize=457%2C343&#038;ssl=1\" alt=\"03. August 2024 Berlin Gro\u00dfdemo 12:00 Uhr Beginn Hardenbergstra\u00dfe \/ Ernst-Reuter-Platz, Abschlusskundgebung 15:30 Uhr Hofj\u00e4gerallee \/ Gro\u00dfer Stern\" width=\"457\" height=\"343\" srcset=\"https:\/\/i0.wp.com\/www.berlin.freidenker.org\/wp-content\/uploads\/2024\/07\/Flyer_b0308_Online-4x3_3200x2400_QUXGA-scaled.jpg?resize=300%2C225&amp;ssl=1 300w, https:\/\/i0.wp.com\/www.berlin.freidenker.org\/wp-content\/uploads\/2024\/07\/Flyer_b0308_Online-4x3_3200x2400_QUXGA-scaled.jpg?resize=1024%2C768&amp;ssl=1 1024w, https:\/\/i0.wp.com\/www.berlin.freidenker.org\/wp-content\/uploads\/2024\/07\/Flyer_b0308_Online-4x3_3200x2400_QUXGA-scaled.jpg?resize=768%2C576&amp;ssl=1 768w, https:\/\/i0.wp.com\/www.berlin.freidenker.org\/wp-content\/uploads\/2024\/07\/Flyer_b0308_Online-4x3_3200x2400_QUXGA-scaled.jpg?resize=1536%2C1152&amp;ssl=1 1536w, https:\/\/i0.wp.com\/www.berlin.freidenker.org\/wp-content\/uploads\/2024\/07\/Flyer_b0308_Online-4x3_3200x2400_QUXGA-scaled.jpg?resize=2048%2C1536&amp;ssl=1 2048w\" sizes=\"auto, (max-width: 457px) 100vw, 457px\" \/><\/a><p id=\"caption-attachment-6737\" class=\"wp-caption-text\">03. August 2024 Berlin Gro\u00dfdemo 12:00 Uhr Beginn Hardenbergstra\u00dfe \/ Ernst-Reuter-Platz, Abschlusskundgebung 15:30 Uhr Hofj\u00e4gerallee \/ Gro\u00dfer Stern<\/p><\/div>\n<h2>START: Ernst-Reuter-Platz 12:00 Uhr<\/h2>\n<header class=\"cm-entry-header\">\n<h1 class=\"cm-entry-title\">Am 03.08. 2024 in Berlin:<\/h1>\n<h1 class=\"cm-entry-title\">Raus f\u00fcr den Frieden!<\/h1>\n<p>Wir \u00fcbernehmen den Einleitungstext von unseren Freidenker-Genossen aus Niedersachsen:<\/p>\n<\/header>\n<p><span class=\"cm-post-date\"><a title=\"13:15\" href=\"https:\/\/www.niedersachsen.freidenker.org\/cms\/am-03-08-in-berlin-fuer-frieden-raus-aus-der-nato-wieder-herstellung-der-deutschen-souveraenitaet\/\" target=\"_blank\" rel=\"bookmark noopener\"><time class=\"entry-date published updated\" datetime=\"2024-07-27T13:15:43+02:00\">27. Juli 2024\u00a0<\/time><\/a><\/span><span class=\"cm-author cm-vcard\"><a class=\"url fn n\" title=\"Frank Braun\" href=\"https:\/\/www.niedersachsen.freidenker.org\/cms\/author\/frank-b\/\"> Frank Braun <\/a> <\/span><\/p>\n<div class=\"cm-entry-summary\">\n<p>Es werden bundesweit neue Friedensdemonstrationen, Kundgebungen und allerlei andere Aktionen angek\u00fcndigt, die noch in diesem Sommer \u00fcber die B\u00fchne gehen werden. Anfang August geht es unter der Losung \u201eFrieden! Freiheit! Freude!\u201c in Berlin los.<\/p>\n<p>Michael Ballweg, den viele als Organisator der Querdenker-Bewegung kennen, hat eine Reihe von Mitstreitern um sich geschart und die werden in Verbindung mit einem Friedenscamp vor Ort zu einer Gro\u00dfdemonstration erwartet. Bitte oben auf das Datum klicken, um den ganzen Beitrag aufzurufen.<\/p>\n<p>in aller K\u00fcrze Eure Berliner Freidenker<\/p>\n<h6>[31.07.2024 &#8211; 14:32 fb]<\/h6>\n<\/div>\n","protected":false},"excerpt":{"rendered":"<p>Wir m\u00f6chten Euch auf die folgende Veranstaltung hinweisen: START: Ernst-Reuter-Platz 12:00 Uhr Am 03.08. 2024 in Berlin: Raus f\u00fcr den Frieden! Wir \u00fcbernehmen den Einleitungstext von unseren Freidenker-Genossen aus Niedersachsen: 27. Juli 2024\u00a0 Frank Braun Es werden bundesweit neue Friedensdemonstrationen, Kundgebungen und allerlei andere Aktionen angek\u00fcndigt, die noch in diesem Sommer \u00fcber die B\u00fchne gehen [&hellip;]<\/p>\n","protected":false},"author":12,"featured_media":0,"comment_status":"closed","ping_status":"closed","sticky":false,"template":"","format":"standard","meta":{"jetpack_post_was_ever_published":false,"_jetpack_newsletter_access":"","_jetpack_dont_email_post_to_subs":false,"_jetpack_newsletter_tier_id":0,"_jetpack_memberships_contains_paywalled_content":false,"_jetpack_memberships_contains_paid_content":false,"footnotes":""},"categories":[1,27,753,22,45,13,764],"tags":[757],"class_list":["post-6730","post","type-post","status-publish","format-standard","hentry","category-allgemein","category-arbeiterfotografie","category-demokratie","category-friedensaktionen","category-friedensbewegung","category-veranstaltungen","category-zeitgeschichte","tag-frieden"],"jetpack_featured_media_url":"","jetpack_shortlink":"https:\/\/wp.me\/py5dN-1Ky","jetpack_sharing_enabled":true,"_links":{"self":[{"href":"https:\/\/www.berlin.freidenker.org\/index.php?rest_route=\/wp\/v2\/posts\/6730","targetHints":{"allow":["GET"]}}],"collection":[{"href":"https:\/\/www.berlin.freidenker.org\/index.php?rest_route=\/wp\/v2\/posts"}],"about":[{"href":"https:\/\/www.berlin.freidenker.org\/index.php?rest_route=\/wp\/v2\/types\/post"}],"author":[{"embeddable":true,"href":"https:\/\/www.berlin.freidenker.org\/index.php?rest_route=\/wp\/v2\/users\/12"}],"replies":[{"embeddable":true,"href":"https:\/\/www.berlin.freidenker.org\/index.php?rest_route=%2Fwp%2Fv2%2Fcomments&post=6730"}],"version-history":[{"count":9,"href":"https:\/\/www.berlin.freidenker.org\/index.php?rest_route=\/wp\/v2\/posts\/6730\/revisions"}],"predecessor-version":[{"id":6742,"href":"https:\/\/www.berlin.freidenker.org\/index.php?rest_route=\/wp\/v2\/posts\/6730\/revisions\/6742"}],"wp:attachment":[{"href":"https:\/\/www.berlin.freidenker.org\/index.php?rest_route=%2Fwp%2Fv2%2Fmedia&parent=6730"}],"wp:term":[{"taxonomy":"category","embeddable":true,"href":"https:\/\/www.berlin.freidenker.org\/index.php?rest_route=%2Fwp%2Fv2%2Fcategories&post=6730"},{"taxonomy":"post_tag","embeddable":true,"href":"https:\/\/www.berlin.freidenker.org\/index.php?rest_route=%2Fwp%2Fv2%2Ftags&post=6730"}],"curies":[{"name":"wp","href":"https:\/\/api.w.org\/{rel}","templated":true}]}}