{"id":6763,"date":"2024-09-27T17:19:35","date_gmt":"2024-09-27T15:19:35","guid":{"rendered":"https:\/\/www.berlin.freidenker.org\/?p=6763"},"modified":"2024-09-27T17:30:40","modified_gmt":"2024-09-27T15:30:40","slug":"nie-wieder-krieg-freidenker-verband-ruft-zur-teilnahme-am-3-oktober-auf","status":"publish","type":"post","link":"https:\/\/www.berlin.freidenker.org\/?p=6763","title":{"rendered":"&#8222;Nie wieder Krieg!&#8220; Freidenker-Verband ruft zur Teilnahme am 3. Oktober auf"},"content":{"rendered":"<div id=\"attachment_6765\" style=\"width: 471px\" class=\"wp-caption aligncenter\"><a href=\"https:\/\/i0.wp.com\/www.berlin.freidenker.org\/wp-content\/uploads\/2024\/09\/Demo-Flugblatt-II.png?ssl=1\" target=\"_blank\" rel=\"noopener\"><img data-recalc-dims=\"1\" loading=\"lazy\" decoding=\"async\" aria-describedby=\"caption-attachment-6765\" class=\"wp-image-6765\" src=\"https:\/\/i0.wp.com\/www.berlin.freidenker.org\/wp-content\/uploads\/2024\/09\/Demo-Flugblatt-II.png?resize=461%2C499&#038;ssl=1\" alt=\"STERNMARSCH 12:30 Uhr3. Oktober 2024 Aufruf zur Teilnahme an der Demonstration in Berlin: Nein zu Krieg und Hochr\u00fcstung. Ja zu Frieden und internationaler Solidarit\u00e4t. STERNMARSCH\" width=\"461\" height=\"499\" srcset=\"https:\/\/i0.wp.com\/www.berlin.freidenker.org\/wp-content\/uploads\/2024\/09\/Demo-Flugblatt-II.png?resize=277%2C300&amp;ssl=1 277w, https:\/\/i0.wp.com\/www.berlin.freidenker.org\/wp-content\/uploads\/2024\/09\/Demo-Flugblatt-II.png?resize=768%2C830&amp;ssl=1 768w, https:\/\/i0.wp.com\/www.berlin.freidenker.org\/wp-content\/uploads\/2024\/09\/Demo-Flugblatt-II.png?w=799&amp;ssl=1 799w\" sizes=\"auto, (max-width: 461px) 100vw, 461px\" \/><\/a><p id=\"caption-attachment-6765\" class=\"wp-caption-text\">Flugblatt Aufruf zur Teilnahme an der Demo am 3. Oktober 2024 in Berlin<\/p><\/div>\n<p><!--more--><\/p>\n<div id=\"attachment_6769\" style=\"width: 310px\" class=\"wp-caption aligncenter\"><a href=\"https:\/\/i0.wp.com\/www.berlin.freidenker.org\/wp-content\/uploads\/2024\/09\/Kontakt-IALANA.jpg?ssl=1\" target=\"_blank\" rel=\"noopener\"><img data-recalc-dims=\"1\" loading=\"lazy\" decoding=\"async\" aria-describedby=\"caption-attachment-6769\" class=\"wp-image-6769 size-medium\" src=\"https:\/\/i0.wp.com\/www.berlin.freidenker.org\/wp-content\/uploads\/2024\/09\/Kontakt-IALANA.jpg?resize=300%2C127&#038;ssl=1\" alt=\"Kontakt IALANA. Flugblatt Aufruf zur Demo am 3. Oktober 2024 in Berlin\" width=\"300\" height=\"127\" srcset=\"https:\/\/i0.wp.com\/www.berlin.freidenker.org\/wp-content\/uploads\/2024\/09\/Kontakt-IALANA.jpg?resize=300%2C127&amp;ssl=1 300w, https:\/\/i0.wp.com\/www.berlin.freidenker.org\/wp-content\/uploads\/2024\/09\/Kontakt-IALANA.jpg?w=377&amp;ssl=1 377w\" sizes=\"auto, (max-width: 300px) 100vw, 300px\" \/><\/a><p id=\"caption-attachment-6769\" class=\"wp-caption-text\">nie-wieder-krieg PUNKT org<\/p><\/div>\n<p>&nbsp;<\/p>\n<div id=\"attachment_6768\" style=\"width: 278px\" class=\"wp-caption aligncenter\"><a href=\"https:\/\/i0.wp.com\/www.berlin.freidenker.org\/wp-content\/uploads\/2024\/09\/Flugblatt-Seite-2.jpg?ssl=1\" target=\"_blank\" rel=\"noopener\"><img data-recalc-dims=\"1\" loading=\"lazy\" decoding=\"async\" aria-describedby=\"caption-attachment-6768\" class=\"wp-image-6768 size-medium\" src=\"https:\/\/i0.wp.com\/www.berlin.freidenker.org\/wp-content\/uploads\/2024\/09\/Flugblatt-Seite-2.jpg?resize=268%2C300&#038;ssl=1\" alt=\"Text zum Flugblatt Aufruf zur Teilnahme an der Demo am 3. Oktober Seite 2\" width=\"268\" height=\"300\" srcset=\"https:\/\/i0.wp.com\/www.berlin.freidenker.org\/wp-content\/uploads\/2024\/09\/Flugblatt-Seite-2.jpg?resize=268%2C300&amp;ssl=1 268w, https:\/\/i0.wp.com\/www.berlin.freidenker.org\/wp-content\/uploads\/2024\/09\/Flugblatt-Seite-2.jpg?resize=768%2C861&amp;ssl=1 768w, https:\/\/i0.wp.com\/www.berlin.freidenker.org\/wp-content\/uploads\/2024\/09\/Flugblatt-Seite-2.jpg?w=796&amp;ssl=1 796w\" sizes=\"auto, (max-width: 268px) 100vw, 268px\" \/><\/a><p id=\"caption-attachment-6768\" class=\"wp-caption-text\">Nein zu Krieg und Hochr\u00fcstung! Ja zu Frieden und internationaler Solidarit\u00e4t<\/p><\/div>\n<p>&nbsp;<\/p>\n<p>Schreiben des Bundesvorstands:<\/p>\n<p>&gt;&gt;<\/p>\n<p>Liebe Genossinnen und Genossen,<br \/>\nUm den Aufruf zur Demonstration &#8222;Nie wieder Krieg!&#8220;, zu der am 3. Oktober 2024 in Berlin aufgerufen wird (s. oben), gibt es aus naheliegenden Gr\u00fcnden Kontroversen. Nicht ohne Grund hatten wir den Meinungsbeitrag unserer Genossin Dagmar Henn ver\u00f6ffentlicht (<a class=\"moz-txt-link-freetext\" href=\"https:\/\/www.freidenker.org\/?p=19584\">https:\/\/www.freidenker.org\/?p=19584<\/a>), der den Text des Aufrufs scharf kritisiert. Diese Kritik teilen wir vollumf\u00e4nglich. Sachfremde Forderungen wie die, Geld u.a. in Klimaschutz zu investieren und den Sozialstaat auszubauen, oder strittige wie die nach Unterzeichnung des Atomwaffenverbotsvertrags oder: &#8222;Recht auf Kriegsdienstverweigerung \u00fcberall!&#8220; haben nach unserer Einsch\u00e4tzung nur die Funktion, da\u00df das ideologische Milieu der Veranstalter bei der Demo unter sich bleibt. Allen Kriegsgegnern, die zu Klima, Sozialstaat, Wehrpflicht und Atomwaffen im Allgemeinen eine andere Meinung haben als die Veranstalter, signalisieren diese Forderungen: Wir m\u00fcssen drau\u00dfen bleiben. In einem allgemeinen Aufruf zu verschiedenen Aktionen, darunter auch der zum 3. Oktober, erdreisten sich die Initiatoren gar zu dem Urteilsspruch, da\u00df die &#8222;unmittelbare Kriegsschuld Russlands au\u00dfer Frage steht&#8220;, womit alle, die das Wesen des aktuellen Krieges klarer erfa\u00dft haben als die Autoren, und das sind viele, dazu gebracht werden, sich ver\u00e4chtlich abzuwenden. Es hat schon eine traurige Ironie, da\u00df gleichzeitig die fr\u00fchere St\u00e4rke der Friedensbewegung beschworen wird, wenn alles unternommen wird, um zu verhindern, da\u00df Menschen aller Lebenbereiche und politischer \u00dcberzeugungen am 3. Oktober ihre Kr\u00e4fte b\u00fcndeln.<\/p>\n<p>Allerdings w\u00e4re es verfehlt, aus dieser Kritik des Aufrufs und der Aufrufer etwa den Schlu\u00df zu ziehen, da\u00df man der Demo fernbleiben sollte. Im Gegenteil. Wir beurteilen den objektiven Charakter der Aktion nicht nach den Auslassungen der Initiatoren, sondern danach, wie gef\u00e4hrlich den Kriegstreibern zu werden sie das Potential hat. Und die Kriegstreiber spucken Gift und Galle. Der ukrainische Botschafter bef\u00fcrchtet eine &#8222;Friedensshow&#8220;, &#8222;bei der die Ukraine zum Bestpreis verh\u00f6kert&#8220; werde. Dem SPD-Bundestagsabgeordneten Ralf Stegner, der sich als Redner angek\u00fcndigt hat, wird vorgeworfen, &#8222;f\u00fcr den Sieg des russischen Imperialismus&#8220; zu agitieren. Wir finden, da\u00df solche Werbung die Defizite des Aufrufs wettmacht.<\/p>\n<p>Es sei auch der k\u00fcrzlich von uns online ver\u00f6ffentlichte Meinungsbeitrag von Klaus Hartmann: &#8222;Kriegshetzer in der Deutschen &#8218;Friedensgesellschaft&#8216; gegen Friedensdemonstration&#8220; zur Vertiefung empfohlen, der sich mit Angriffen auf die Friedensbewegung von innen besch\u00e4ftigt:<\/p>\n<p><a class=\"moz-txt-link-freetext\" href=\"https:\/\/www.freidenker.org\/?p=19902\">https:\/\/www.freidenker.org\/?p=19902<\/a><\/p>\n<p>Wir wissen, da\u00df die Freunde des Freidenker-Verbands ein tiefes Verst\u00e4ndnis f\u00fcr die Ursachen der gegenw\u00e4rtigen geopolitischen Zuspitzung haben gem\u00e4\u00df unserer seit 2014 g\u00fcltigen Losung: &#8222;Der Aggressor hei\u00dft NATO&#8220;, aber auch \u00fcber die Einsicht verf\u00fcgen, welche Bewegungen die objektiv fortschrittlichen sind, auch wenn die Phrase hinter der Sache zur\u00fcckbleibt. Es gibt schon eine Reihe ehemals fortschrittlicher Organisationen, die inzwischen offenbar von den \u201eDiensten\u201c \u00fcbernommen wurden. Wir m\u00fcssen alles tun, um die Spaltungs- und Zersetzungsversuchen gegen\u00fcber der Friedensbewegung zur\u00fcckzuweisen. Aktuell ist das wirksamste Mittel daf\u00fcr, die Demonstration am 3. Oktober 2024 zum Erfolg zu machen, indem wir viele Teilnehmer daf\u00fcr mobilisieren. Man muss nicht mit jeder einzelnen Formulierung eines Aufrufs \u00fcbereinstimmen, in \u201eB\u00fcndnisaufrufen\u201c wird ohnehin niemand seine eigene Position in Reinkultur wiederfinden. Man muss nicht unbedingt selbst unterschreiben, aber die Frage der Teilnahme und Unterst\u00fctzung ist eine ganz andere: Wir m\u00fcssen auf die Stra\u00dfe, um den wahnsinnigen Kurs auf Aufr\u00fcstung, Sterbehilfe f\u00fcr die Ukraine und Kriegseskalation gegen\u00fcber Russland zu stoppen.<\/p>\n<p>Keine Zustimmung zur Stationierung neuer US-Raketen!<\/p>\n<p>NATO raus \u2013 aus der Ukraine und aus Deutschland!<\/p>\n<p>Mit freundschaftlichen Gr\u00fc\u00dfen<\/p>\n<p>Sebastian Bahlo<\/p>\n<p>&lt;&lt;<\/p>\n<h6>[27.09.2024 &#8211; 17:18 fb]<\/h6>\n","protected":false},"excerpt":{"rendered":"","protected":false},"author":12,"featured_media":0,"comment_status":"closed","ping_status":"closed","sticky":false,"template":"","format":"standard","meta":{"jetpack_post_was_ever_published":false,"_jetpack_newsletter_access":"","_jetpack_dont_email_post_to_subs":false,"_jetpack_newsletter_tier_id":0,"_jetpack_memberships_contains_paywalled_content":false,"_jetpack_memberships_contains_paid_content":false,"footnotes":""},"categories":[14,22,45,24],"tags":[767,757,312,129],"class_list":["post-6763","post","type-post","status-publish","format-standard","hentry","category-aktivitaeten-des-dfv-berlin","category-friedensaktionen","category-friedensbewegung","category-friko-berlin","tag-demonstration","tag-frieden","tag-friedensdemo","tag-krieg"],"jetpack_featured_media_url":"","jetpack_shortlink":"https:\/\/wp.me\/py5dN-1L5","jetpack_sharing_enabled":true,"_links":{"self":[{"href":"https:\/\/www.berlin.freidenker.org\/index.php?rest_route=\/wp\/v2\/posts\/6763","targetHints":{"allow":["GET"]}}],"collection":[{"href":"https:\/\/www.berlin.freidenker.org\/index.php?rest_route=\/wp\/v2\/posts"}],"about":[{"href":"https:\/\/www.berlin.freidenker.org\/index.php?rest_route=\/wp\/v2\/types\/post"}],"author":[{"embeddable":true,"href":"https:\/\/www.berlin.freidenker.org\/index.php?rest_route=\/wp\/v2\/users\/12"}],"replies":[{"embeddable":true,"href":"https:\/\/www.berlin.freidenker.org\/index.php?rest_route=%2Fwp%2Fv2%2Fcomments&post=6763"}],"version-history":[{"count":7,"href":"https:\/\/www.berlin.freidenker.org\/index.php?rest_route=\/wp\/v2\/posts\/6763\/revisions"}],"predecessor-version":[{"id":6774,"href":"https:\/\/www.berlin.freidenker.org\/index.php?rest_route=\/wp\/v2\/posts\/6763\/revisions\/6774"}],"wp:attachment":[{"href":"https:\/\/www.berlin.freidenker.org\/index.php?rest_route=%2Fwp%2Fv2%2Fmedia&parent=6763"}],"wp:term":[{"taxonomy":"category","embeddable":true,"href":"https:\/\/www.berlin.freidenker.org\/index.php?rest_route=%2Fwp%2Fv2%2Fcategories&post=6763"},{"taxonomy":"post_tag","embeddable":true,"href":"https:\/\/www.berlin.freidenker.org\/index.php?rest_route=%2Fwp%2Fv2%2Ftags&post=6763"}],"curies":[{"name":"wp","href":"https:\/\/api.w.org\/{rel}","templated":true}]}}