{"id":6775,"date":"2024-09-30T21:00:18","date_gmt":"2024-09-30T19:00:18","guid":{"rendered":"https:\/\/www.berlin.freidenker.org\/?p=6775"},"modified":"2024-09-30T20:21:16","modified_gmt":"2024-09-30T18:21:16","slug":"einladung-zum-referat-oktober-2024-75-jahre-volksrepublik-china","status":"publish","type":"post","link":"https:\/\/www.berlin.freidenker.org\/?p=6775","title":{"rendered":"Einladung zum Referat &#8218;Oktober 2024: 75 Jahre Volksrepublik China&#8216;"},"content":{"rendered":"<div dir=\"auto\">\n<div class=\"gmail_quote\" dir=\"auto\">\n<div>\n<h2>Einladung zum Referat von \u00d6konom Cornelius Renkl:<\/h2>\n<h2>&#8218;Oktober 2024: 75 Jahre Volksrepublik China&#8216;<\/h2>\n<h4>\u00a0am Dienstag, 08. Oktober um 18 Uhr im Kieztreff Wedding Stralsunder Str. 6<\/h4>\n<p>Liebe Freunde,<\/p>\n<p>Volkswirt Cornelius Renkl referiert am\u00a08.10.24 um 18 Uhr im Kieztreff Wedding (Stralsunder Stra\u00dfe 6,\u00a013355 Berlin) zu<\/p>\n<p><strong>2024: 75 Jahre Volksrepublik China\u00a0 \u00a0 \u00a0<\/strong><\/p>\n<p>Dr. Cornelius Renkl studierte Volkswirtschaftslehre, Geschichtswissenschaften und Philosophie in Mannheim, Regensburg und Cambridge\/UK. Er war \u00fcber 20 Jahre als Professor f\u00fcr Wirtschaftsinformatik an einer privaten Hochschule t\u00e4tig.\u00a0Dort war er Mitgr\u00fcnder eines Betriebsrats und 14 Jahre lang dessen\u00a0Vorsitzender. Organisiert ist Herr Cornelius Renkl u.a. im Deutsch-Chinesischen Freundschaftsverein Ludwigsfelde, in der Freundschaftsgesellschaft Vietnam, in der VVN und bei Verdi. Au\u00dferdem ist er Mitglied im <em>Council der World Association for Political Economy<\/em>.\u00a0Cornelius Renkl publiziert in verschiedenen Zeitungen und Zeitschriften unter anderem im <em>World Marxist Review<\/em>.<\/p>\n<p>In seinem Vortrag wird er \u00fcber Erreichtes in den 75 Jahren der Volksrepublik berichten und auf Unterschiede zu und Gemeinsamkeiten mit Deutschland eingehen.<\/p>\n<p>Am 1. Oktober 1949 rief Mao die Volksrepublik China aus. Nach der Isolierung w\u00e4hrend der 1950er\/60er Jahren brach Anfang der 1970er Jahre mit der Aufnahme in die Vereinten Nationen eine Periode der internationalen Anerkennung Beijings an, gefolgt von einem in der Menschheitsgeschichte wohl einzigartigen rasanten Aufstieg des Reichs der Mitte in seiner Form der sozialistischen Marktwirtschaft.<\/p>\n<p>Dieses Jahr betrachten erstmals 60% der s\u00fcdostasiatischen Staaten China (und nicht mehr die USA) als wirtschaftlich und politisch einflussreichstes Land in der Region wie eine Umfrage des ASEAN <em>Studies Center<\/em> des <em>Yusof Ishak Institute<\/em> j\u00fcngst belegte.<\/p>\n<p>Die Kr\u00e4fteverh\u00e4ltnisse beginnen auch in Eurasia und Teilen Europas dank der Neuen Seidenstra\u00dfe seit 2013 sich zu wandeln ungeachtet des sich intensivierenden Informationskriegs des NATO-Blocks.<\/p>\n<p>Wir freuen uns auf die Diskussion.<\/p>\n<p><em>Mit freidenkerischen Gr\u00fc\u00dfen<br \/>\nEuer Landesvorstand Berlin<\/em><\/p>\n<\/div>\n<\/div>\n<\/div>\n","protected":false},"excerpt":{"rendered":"<p>Einladung zum Referat von \u00d6konom Cornelius Renkl: &#8218;Oktober 2024: 75 Jahre Volksrepublik China&#8216; \u00a0am Dienstag, 08. Oktober um 18 Uhr im Kieztreff Wedding Stralsunder Str. 6 Liebe Freunde, Volkswirt Cornelius Renkl referiert am\u00a08.10.24 um 18 Uhr im Kieztreff Wedding (Stralsunder Stra\u00dfe 6,\u00a013355 Berlin) zu 2024: 75 Jahre Volksrepublik China\u00a0 \u00a0 \u00a0 Dr. Cornelius Renkl studierte [&hellip;]<\/p>\n","protected":false},"author":12,"featured_media":0,"comment_status":"closed","ping_status":"closed","sticky":false,"template":"","format":"standard","meta":{"jetpack_post_was_ever_published":false,"_jetpack_newsletter_access":"","_jetpack_dont_email_post_to_subs":false,"_jetpack_newsletter_tier_id":0,"_jetpack_memberships_contains_paywalled_content":false,"_jetpack_memberships_contains_paid_content":false,"footnotes":""},"categories":[750,14,751,47,13],"tags":[122],"class_list":["post-6775","post","type-post","status-publish","format-standard","hentry","category-china","category-aktivitaeten-des-dfv-berlin","category-multipolare-welt","category-nation","category-veranstaltungen","tag-china"],"jetpack_featured_media_url":"","jetpack_shortlink":"https:\/\/wp.me\/py5dN-1Lh","jetpack_sharing_enabled":true,"_links":{"self":[{"href":"https:\/\/www.berlin.freidenker.org\/index.php?rest_route=\/wp\/v2\/posts\/6775","targetHints":{"allow":["GET"]}}],"collection":[{"href":"https:\/\/www.berlin.freidenker.org\/index.php?rest_route=\/wp\/v2\/posts"}],"about":[{"href":"https:\/\/www.berlin.freidenker.org\/index.php?rest_route=\/wp\/v2\/types\/post"}],"author":[{"embeddable":true,"href":"https:\/\/www.berlin.freidenker.org\/index.php?rest_route=\/wp\/v2\/users\/12"}],"replies":[{"embeddable":true,"href":"https:\/\/www.berlin.freidenker.org\/index.php?rest_route=%2Fwp%2Fv2%2Fcomments&post=6775"}],"version-history":[{"count":2,"href":"https:\/\/www.berlin.freidenker.org\/index.php?rest_route=\/wp\/v2\/posts\/6775\/revisions"}],"predecessor-version":[{"id":6777,"href":"https:\/\/www.berlin.freidenker.org\/index.php?rest_route=\/wp\/v2\/posts\/6775\/revisions\/6777"}],"wp:attachment":[{"href":"https:\/\/www.berlin.freidenker.org\/index.php?rest_route=%2Fwp%2Fv2%2Fmedia&parent=6775"}],"wp:term":[{"taxonomy":"category","embeddable":true,"href":"https:\/\/www.berlin.freidenker.org\/index.php?rest_route=%2Fwp%2Fv2%2Fcategories&post=6775"},{"taxonomy":"post_tag","embeddable":true,"href":"https:\/\/www.berlin.freidenker.org\/index.php?rest_route=%2Fwp%2Fv2%2Ftags&post=6775"}],"curies":[{"name":"wp","href":"https:\/\/api.w.org\/{rel}","templated":true}]}}