{"id":6787,"date":"2024-10-15T21:50:48","date_gmt":"2024-10-15T19:50:48","guid":{"rendered":"https:\/\/www.berlin.freidenker.org\/?p=6787"},"modified":"2024-10-15T21:50:48","modified_gmt":"2024-10-15T19:50:48","slug":"werner-seelenbinder-gedenkveranstaltung-am-20-oktober","status":"publish","type":"post","link":"https:\/\/www.berlin.freidenker.org\/?p=6787","title":{"rendered":"Werner Seelenbinder: Gedenkveranstaltung am 20. Oktober"},"content":{"rendered":"<div id=\"attachment_6788\" style=\"width: 523px\" class=\"wp-caption aligncenter\"><a href=\"https:\/\/i0.wp.com\/www.berlin.freidenker.org\/wp-content\/uploads\/2024\/10\/Werner-Seelenbinder-Tafel.png?ssl=1\"><img data-recalc-dims=\"1\" loading=\"lazy\" decoding=\"async\" aria-describedby=\"caption-attachment-6788\" class=\" wp-image-6788\" src=\"https:\/\/i0.wp.com\/www.berlin.freidenker.org\/wp-content\/uploads\/2024\/10\/Werner-Seelenbinder-Tafel.png?resize=513%2C328&#038;ssl=1\" alt=\"\" width=\"513\" height=\"328\" srcset=\"https:\/\/i0.wp.com\/www.berlin.freidenker.org\/wp-content\/uploads\/2024\/10\/Werner-Seelenbinder-Tafel.png?resize=300%2C192&amp;ssl=1 300w, https:\/\/i0.wp.com\/www.berlin.freidenker.org\/wp-content\/uploads\/2024\/10\/Werner-Seelenbinder-Tafel.png?w=681&amp;ssl=1 681w\" sizes=\"auto, (max-width: 513px) 100vw, 513px\" \/><\/a><p id=\"caption-attachment-6788\" class=\"wp-caption-text\">Werner Seelenbinder Gedenktafel<\/p><\/div>\n<p style=\"text-align: center;\">Werner Seelenbinder-Ehrung am Sonntag, den 20.10.2024 ab 13:30 Uhr<\/p>\n<div>\n<div dir=\"ltr\">Die Ehrung findet am Grab von Werner Seelenbinder statt in der<\/div>\n<div dir=\"ltr\" style=\"text-align: center;\"><strong>Oderstra\u00dfe 182 im Werner Seelenbinder Sportpark<\/strong>.<\/div>\n<div dir=\"ltr\"><\/div>\n<\/div>\n<div id=\"m_2271273220113085127ydp583a79d4yahoo_quoted_9341812123\">\n<div>\n<div>\n<div id=\"m_2271273220113085127ydp583a79d4yiv0098173021\">\n<div>\n<div><span style=\"font-size: medium;\">Das deutschlandweite Ringer-Gedenkturnier f\u00fcr Werner Seelenbinder mit fast 180 Ringern und Ringerinnen im Alter von 12-17 Jahren liegt nun eine Woche hinter uns. Auch die Gedenktafel f\u00fcr Werner Seelenbinder ist inzwischen nach vielen Jahren hartn\u00e4ckigen Ringens zum 80. Todestag angebracht worden.<\/span><\/div>\n<div>\n<div><span style=\"font-size: medium;\">Nun steht am 20.10. 2024 der Abschluss des Werner-Seelenbinder-Jahres vor uns.<\/span><\/div>\n<div><span style=\"font-size: medium;\">Die Gedenkveranstaltung\u00a0 wird um 13:30 Uhr mit einem Block aus Reden und Musik beginnen. Danach werden die Blumen am Grab niedergelegt. Anschlie\u00dfend beginnen die Aktivit\u00e4ten und Diskussionen an den St\u00e4nden.<\/span><\/div>\n<div dir=\"ltr\"><span style=\"font-size: medium;\">Als Redner werden empfangen:<\/span><\/div>\n<div dir=\"ltr\"><span style=\"font-size: medium;\"> B\u00fcrgermeister Hikel, Prof. Oliver Rump, Benedikt Hopmann, Ferat Kosak&#8230;.u.a.<\/span><\/div>\n<\/div>\n<div dir=\"ltr\"><\/div>\n<\/div>\n<\/div>\n<\/div>\n<\/div>\n<\/div>\n","protected":false},"excerpt":{"rendered":"<p>Werner Seelenbinder-Ehrung am Sonntag, den 20.10.2024 ab 13:30 Uhr Die Ehrung findet am Grab von Werner Seelenbinder statt in der Oderstra\u00dfe 182 im Werner Seelenbinder Sportpark. Das deutschlandweite Ringer-Gedenkturnier f\u00fcr Werner Seelenbinder mit fast 180 Ringern und Ringerinnen im Alter von 12-17 Jahren liegt nun eine Woche hinter uns. Auch die Gedenktafel f\u00fcr Werner Seelenbinder [&hellip;]<\/p>\n","protected":false},"author":12,"featured_media":0,"comment_status":"closed","ping_status":"closed","sticky":false,"template":"","format":"standard","meta":{"jetpack_post_was_ever_published":false,"_jetpack_newsletter_access":"","_jetpack_dont_email_post_to_subs":false,"_jetpack_newsletter_tier_id":0,"_jetpack_memberships_contains_paywalled_content":false,"_jetpack_memberships_contains_paid_content":false,"footnotes":""},"categories":[746,14,763,19,13,764],"tags":[768],"class_list":["post-6787","post","type-post","status-publish","format-standard","hentry","category-antifaschismus","category-aktivitaeten-des-dfv-berlin","category-geschichte","category-kultur","category-veranstaltungen","category-zeitgeschichte","tag-seelenbinder"],"jetpack_featured_media_url":"","jetpack_shortlink":"https:\/\/wp.me\/py5dN-1Lt","jetpack_sharing_enabled":true,"_links":{"self":[{"href":"https:\/\/www.berlin.freidenker.org\/index.php?rest_route=\/wp\/v2\/posts\/6787","targetHints":{"allow":["GET"]}}],"collection":[{"href":"https:\/\/www.berlin.freidenker.org\/index.php?rest_route=\/wp\/v2\/posts"}],"about":[{"href":"https:\/\/www.berlin.freidenker.org\/index.php?rest_route=\/wp\/v2\/types\/post"}],"author":[{"embeddable":true,"href":"https:\/\/www.berlin.freidenker.org\/index.php?rest_route=\/wp\/v2\/users\/12"}],"replies":[{"embeddable":true,"href":"https:\/\/www.berlin.freidenker.org\/index.php?rest_route=%2Fwp%2Fv2%2Fcomments&post=6787"}],"version-history":[{"count":3,"href":"https:\/\/www.berlin.freidenker.org\/index.php?rest_route=\/wp\/v2\/posts\/6787\/revisions"}],"predecessor-version":[{"id":6791,"href":"https:\/\/www.berlin.freidenker.org\/index.php?rest_route=\/wp\/v2\/posts\/6787\/revisions\/6791"}],"wp:attachment":[{"href":"https:\/\/www.berlin.freidenker.org\/index.php?rest_route=%2Fwp%2Fv2%2Fmedia&parent=6787"}],"wp:term":[{"taxonomy":"category","embeddable":true,"href":"https:\/\/www.berlin.freidenker.org\/index.php?rest_route=%2Fwp%2Fv2%2Fcategories&post=6787"},{"taxonomy":"post_tag","embeddable":true,"href":"https:\/\/www.berlin.freidenker.org\/index.php?rest_route=%2Fwp%2Fv2%2Ftags&post=6787"}],"curies":[{"name":"wp","href":"https:\/\/api.w.org\/{rel}","templated":true}]}}