{"id":6852,"date":"2025-04-16T12:26:55","date_gmt":"2025-04-16T10:26:55","guid":{"rendered":"https:\/\/www.berlin.freidenker.org\/?p=6852"},"modified":"2025-04-25T20:49:36","modified_gmt":"2025-04-25T18:49:36","slug":"500-jahre-thomas-muenzer-30-april-in-bad-frankenhausen-thuer","status":"publish","type":"post","link":"https:\/\/www.berlin.freidenker.org\/?p=6852","title":{"rendered":"500 Jahre Thomas M\u00fcnzer, 30. MAI in Bad Frankenhausen (Th\u00fcr.)"},"content":{"rendered":"<p><a href=\"https:\/\/i0.wp.com\/www.berlin.freidenker.org\/wp-content\/uploads\/2025\/04\/500-Jahre.jpg?ssl=1\"><img data-recalc-dims=\"1\" loading=\"lazy\" decoding=\"async\" class=\"size-medium wp-image-6864 alignleft\" src=\"https:\/\/i0.wp.com\/www.berlin.freidenker.org\/wp-content\/uploads\/2025\/04\/500-Jahre.jpg?resize=259%2C300&#038;ssl=1\" alt=\"Thomas M\u00fcnzer 1489 - 1525 - 2025 500 Jahre Fr\u00fchb\u00fcrgerliche Revolution\" width=\"259\" height=\"300\" srcset=\"https:\/\/i0.wp.com\/www.berlin.freidenker.org\/wp-content\/uploads\/2025\/04\/500-Jahre.jpg?resize=259%2C300&amp;ssl=1 259w, https:\/\/i0.wp.com\/www.berlin.freidenker.org\/wp-content\/uploads\/2025\/04\/500-Jahre.jpg?w=664&amp;ssl=1 664w\" sizes=\"auto, (max-width: 259px) 100vw, 259px\" \/><\/a><\/p>\r\n\r\n<p>Liebe Genossinnen und Genossen, liebe Freundinnen und Freunde,<br \/><br \/>der Freidenkerverband l\u00e4dt ein nach Bad Frankenhausen zum 30. Mai 2025:<br \/><br \/>Besuch des Panoramamuseums und Konferenz:<br \/><br \/>Die \u201eSchlacht bei Frankenhausen\u201c am 15. Mai 1525. <br \/>Ref. Dr. Ulrich Hahnemann<\/p>\r\n<p>Der Gro\u00dfe Bauernkrieg \u2013 H\u00f6hepunkt einer Epoche im Umbruch. <br \/>Ref. Thomas Loch<\/p>\r\n<p>&nbsp;<\/p>\r\n<p>Vom Bauernkrieg zur Bedarfswirtschaft &#8211; eine historische Einordnung. <br \/>Ref. Dr. Wolfgang Beck<br \/><br \/>Die Tagung wird vom Verbandsvorstand in Zusammenarbeit mit dem Landesverband<br \/>Th\u00fcringen veranstaltet.<\/p>\r\n<p>Herzliche Gr\u00fc\u00dfe von Monika K.-H.<\/p>\r\n<p><a href=\"https:\/\/www.berlin.freidenker.org\/wp-content\/uploads\/2025\/04\/250530-Muentzer-Flyer_v02_kh.pdf\">Flyer (hier klicken zum Herunterladen)<\/a><\/p>\r\n<p>(auf die Bilder klicken zum Vergr\u00f6\u00dfern):<\/p>\r\n<p style=\"text-align: left;\"><a href=\"https:\/\/i0.wp.com\/www.berlin.freidenker.org\/wp-content\/uploads\/2025\/04\/B2-Panorama.jpg?ssl=1\"><img data-recalc-dims=\"1\" loading=\"lazy\" decoding=\"async\" class=\"size-medium wp-image-6865\" src=\"https:\/\/i0.wp.com\/www.berlin.freidenker.org\/wp-content\/uploads\/2025\/04\/B2-Panorama.jpg?resize=300%2C169&#038;ssl=1\" alt=\"Thomas M\u00fcnzer 1489 - 1525 - 2025 500 Jahre Fr\u00fchb\u00fcrgerliche Revolution\" width=\"300\" height=\"169\" srcset=\"https:\/\/i0.wp.com\/www.berlin.freidenker.org\/wp-content\/uploads\/2025\/04\/B2-Panorama.jpg?resize=300%2C169&amp;ssl=1 300w, https:\/\/i0.wp.com\/www.berlin.freidenker.org\/wp-content\/uploads\/2025\/04\/B2-Panorama.jpg?w=603&amp;ssl=1 603w\" sizes=\"auto, (max-width: 300px) 100vw, 300px\" \/><\/a><\/p>\r\n<p><a href=\"https:\/\/i0.wp.com\/www.berlin.freidenker.org\/wp-content\/uploads\/2025\/04\/B3-Konferenzprogramm.jpg?ssl=1\"><img data-recalc-dims=\"1\" loading=\"lazy\" decoding=\"async\" class=\"size-medium wp-image-6866 alignleft\" src=\"https:\/\/i0.wp.com\/www.berlin.freidenker.org\/wp-content\/uploads\/2025\/04\/B3-Konferenzprogramm.jpg?resize=300%2C215&#038;ssl=1\" alt=\"Thomas M\u00fcnzer, 500 Jahre - Konferenzprogramm Bad Frankenhausen, 30.04.2025 14:30\" width=\"300\" height=\"215\" srcset=\"https:\/\/i0.wp.com\/www.berlin.freidenker.org\/wp-content\/uploads\/2025\/04\/B3-Konferenzprogramm.jpg?resize=300%2C215&amp;ssl=1 300w, https:\/\/i0.wp.com\/www.berlin.freidenker.org\/wp-content\/uploads\/2025\/04\/B3-Konferenzprogramm.jpg?w=599&amp;ssl=1 599w\" sizes=\"auto, (max-width: 300px) 100vw, 300px\" \/><\/a><\/p>\r\n","protected":false},"excerpt":{"rendered":"<p>Liebe Genossinnen und Genossen, liebe Freundinnen und Freunde, der Freidenkerverband l\u00e4dt ein nach Bad Frankenhausen zum 30. Mai 2025: Besuch des Panoramamuseums und Konferenz: Die \u201eSchlacht bei Frankenhausen\u201c am 15. Mai 1525. Ref. Dr. Ulrich Hahnemann Der Gro\u00dfe Bauernkrieg \u2013 H\u00f6hepunkt einer Epoche im Umbruch. Ref. Thomas Loch &nbsp; Vom Bauernkrieg zur Bedarfswirtschaft &#8211; eine [&hellip;]<\/p>\n","protected":false},"author":12,"featured_media":0,"comment_status":"closed","ping_status":"closed","sticky":false,"template":"","format":"standard","meta":{"jetpack_post_was_ever_published":false,"_jetpack_newsletter_access":"","_jetpack_dont_email_post_to_subs":false,"_jetpack_newsletter_tier_id":0,"_jetpack_memberships_contains_paywalled_content":false,"_jetpack_memberships_contains_paid_content":false,"footnotes":""},"categories":[1,763,80,13],"tags":[],"class_list":["post-6852","post","type-post","status-publish","format-standard","hentry","category-allgemein","category-geschichte","category-religion","category-veranstaltungen"],"jetpack_featured_media_url":"","jetpack_shortlink":"https:\/\/wp.me\/py5dN-1Mw","jetpack_sharing_enabled":true,"_links":{"self":[{"href":"https:\/\/www.berlin.freidenker.org\/index.php?rest_route=\/wp\/v2\/posts\/6852","targetHints":{"allow":["GET"]}}],"collection":[{"href":"https:\/\/www.berlin.freidenker.org\/index.php?rest_route=\/wp\/v2\/posts"}],"about":[{"href":"https:\/\/www.berlin.freidenker.org\/index.php?rest_route=\/wp\/v2\/types\/post"}],"author":[{"embeddable":true,"href":"https:\/\/www.berlin.freidenker.org\/index.php?rest_route=\/wp\/v2\/users\/12"}],"replies":[{"embeddable":true,"href":"https:\/\/www.berlin.freidenker.org\/index.php?rest_route=%2Fwp%2Fv2%2Fcomments&post=6852"}],"version-history":[{"count":5,"href":"https:\/\/www.berlin.freidenker.org\/index.php?rest_route=\/wp\/v2\/posts\/6852\/revisions"}],"predecessor-version":[{"id":6887,"href":"https:\/\/www.berlin.freidenker.org\/index.php?rest_route=\/wp\/v2\/posts\/6852\/revisions\/6887"}],"wp:attachment":[{"href":"https:\/\/www.berlin.freidenker.org\/index.php?rest_route=%2Fwp%2Fv2%2Fmedia&parent=6852"}],"wp:term":[{"taxonomy":"category","embeddable":true,"href":"https:\/\/www.berlin.freidenker.org\/index.php?rest_route=%2Fwp%2Fv2%2Fcategories&post=6852"},{"taxonomy":"post_tag","embeddable":true,"href":"https:\/\/www.berlin.freidenker.org\/index.php?rest_route=%2Fwp%2Fv2%2Ftags&post=6852"}],"curies":[{"name":"wp","href":"https:\/\/api.w.org\/{rel}","templated":true}]}}