{"id":6858,"date":"2025-04-15T13:45:50","date_gmt":"2025-04-15T11:45:50","guid":{"rendered":"https:\/\/www.berlin.freidenker.org\/?p=6858"},"modified":"2025-04-15T13:51:02","modified_gmt":"2025-04-15T11:51:02","slug":"13-mai-2025-veranstaltungshinweis-der-freidenker-berlin","status":"publish","type":"post","link":"https:\/\/www.berlin.freidenker.org\/?p=6858","title":{"rendered":"13. Mai 2025: Veranstaltungshinweis der Freidenker Berlin"},"content":{"rendered":"<div dir=\"auto\">Liebe Freidenker!<\/div>\n<div dir=\"auto\">\n<p><strong>Am 13. Mai<\/strong>\u00a0in Bremen spricht das Mitglied der Freidenker Berlin Stephan Ossenkopp zum Thema \u201cRussland, BRICS und der Frieden?\u201d<\/p>\n<p>Weitere Termine bei den Friedenstagen sind am 23. Mai mit\u00a0<strong>Michael von der Schulenburg<\/strong>\u00a0zum Thema \u201cUN-Charta, EU und multipolare Weltordnung\u201d und am 10. Juni mit\u00a0<strong>G\u00fcnter Verheugen<\/strong>\u00a0zum Thema \u201cWarum ist es zum Krieg in der Ukraine gekommen &#8211; und welche Wege f\u00fchren wieder hinaus?\u201d<\/p>\n<p>Herzliche Gr\u00fc\u00dfe<\/p>\n<p>Freidenker Berlin<\/p>\n<\/div>\n<p>&gt;&gt;<\/p>\n<div dir=\"auto\">\n<div>\n<h1>BRICS und der Frieden<\/h1>\n<h3>Ossenkopp, Schulenburg u.a. bei den Deutsch-Russischen Friedenstagen in Bremen<\/h3>\n<table style=\"width: 100%;\" role=\"presentation\" border=\"0\" width=\"100%\" cellspacing=\"0\" cellpadding=\"0\">\n<tbody>\n<tr>\n<td style=\"width: 12.4003%;\">\n<table style=\"width: 0%;\" role=\"presentation\" border=\"0\" width=\"auto\" cellspacing=\"0\" cellpadding=\"0\">\n<tbody>\n<tr>\n<td><\/td>\n<\/tr>\n<\/tbody>\n<\/table>\n<\/td>\n<\/tr>\n<\/tbody>\n<\/table>\n<\/div>\n<\/div>\n<div dir=\"auto\">\n<div dir=\"auto\">\n<p>Friedensfreunde,<\/p>\n<p>w\u00e4hrend das <a href=\"https:\/\/substack.com\/redirect\/dd3f95c6-33b0-418c-9731-71c6450c3138?j=eyJ1IjoiM2g0aHJvIn0.VIkLu0U7jQm1e7V8vsLFQC3o6OLmrKk8UAc5kArFi18\" target=\"_blank\" rel=\"noopener noreferrer\">Ausw\u00e4rtige Amt dazu r\u00e4t<\/a>, aus Anlass des 80. Jahrestages des Endes des Zweiten Weltkrieges keine Einladungen an russische Diplomaten auszusprechen, um offenbar jede Erinnerung an die Rolle der Sowjetunion bei der Befreiung vom Faschismus auszul\u00f6schen, finden sich an vielen Orten die Aufrechten, um die historische Wahrheit und die V\u00f6lkerverst\u00e4ndigung zu bewahren.<\/p>\n<p>Umso mehr freue ich mich, am <strong>13. Mai<\/strong> im Rahmen der <strong>6. Deutsch-Russischen Friedenstage<\/strong> in Bremen sprechen zu d\u00fcrfen. Thema: \u201cRussland, BRICS und der Frieden?\u201d<\/p>\n<p>Weitere Termine bei den Friedenstagen sind am 23. Mai mit <strong>Michael von der Schulenburg<\/strong> zum Thema \u201cUN-Charta, EU und multipolare Weltordnung\u201d und am 10. Juni mit <strong>G\u00fcnter Verheugen<\/strong> zum Thema \u201cWarum ist es zum Krieg in der Ukraine gekommen &#8211; und welche Wege f\u00fchren wieder hinaus?\u201d.<\/p>\n<p>Das vollst\u00e4ndige Programm findet ihr <a href=\"https:\/\/substack.com\/redirect\/30673323-6bd0-4314-811e-228389a3df2f?j=eyJ1IjoiM2g0aHJvIn0.VIkLu0U7jQm1e7V8vsLFQC3o6OLmrKk8UAc5kArFi18\" target=\"_blank\" rel=\"noopener noreferrer\">hier<\/a>.<\/p>\n<p>(&#8230;)<\/p>\n<p>Stephan Ossenkopp<\/p>\n<div>\n<table style=\"width: 36.1132%; height: 559px;\" border=\"0\" width=\"100%\" cellspacing=\"0\" cellpadding=\"0\">\n<tbody>\n<tr>\n<td style=\"width: 0.409836%;\"><\/td>\n<td style=\"width: 101.23%;\" align=\"left\" width=\"993\"><a href=\"https:\/\/substack.com\/redirect\/0d6a81e0-6da3-4857-8038-72c4b5209d89?j=eyJ1IjoiM2g0aHJvIn0.VIkLu0U7jQm1e7V8vsLFQC3o6OLmrKk8UAc5kArFi18\" target=\"_blank\" rel=\"noopener noreferrer\"><img data-recalc-dims=\"1\" loading=\"lazy\" decoding=\"async\" class=\"\" src=\"https:\/\/i0.wp.com\/substackcdn.com\/image\/fetch\/w_1100%2Cc_limit%2Cf_auto%2Cq_auto%3Agood%2Cfl_progressive%3Asteep\/https%3A%2F%2Fsubstack-post-media.s3.amazonaws.com%2Fpublic%2Fimages%2Ff23ad524-7901-41b3-bddf-680548195569_993x994.jpeg?resize=465%2C465&#038;ssl=1\" alt=\"\" width=\"465\" height=\"465\" \/><\/a><\/p>\n<p>&nbsp;<\/td>\n<\/tr>\n<\/tbody>\n<\/table>\n<p>&lt;&lt;<\/p>\n<p>&nbsp;<\/p>\n<\/div>\n<\/div>\n<\/div>\n","protected":false},"excerpt":{"rendered":"<p>Liebe Freidenker! Am 13. Mai\u00a0in Bremen spricht das Mitglied der Freidenker Berlin Stephan Ossenkopp zum Thema \u201cRussland, BRICS und der Frieden?\u201d Weitere Termine bei den Friedenstagen sind am 23. Mai mit\u00a0Michael von der Schulenburg\u00a0zum Thema \u201cUN-Charta, EU und multipolare Weltordnung\u201d und am 10. Juni mit\u00a0G\u00fcnter Verheugen\u00a0zum Thema \u201cWarum ist es zum Krieg in der Ukraine [&hellip;]<\/p>\n","protected":false},"author":12,"featured_media":0,"comment_status":"closed","ping_status":"closed","sticky":false,"template":"","format":"standard","meta":{"jetpack_post_was_ever_published":false,"_jetpack_newsletter_access":"","_jetpack_dont_email_post_to_subs":false,"_jetpack_newsletter_tier_id":0,"_jetpack_memberships_contains_paywalled_content":false,"_jetpack_memberships_contains_paid_content":false,"footnotes":""},"categories":[14,13],"tags":[769,757,129,107],"class_list":["post-6858","post","type-post","status-publish","format-standard","hentry","category-aktivitaeten-des-dfv-berlin","category-veranstaltungen","tag-brics","tag-frieden","tag-krieg","tag-russland"],"jetpack_featured_media_url":"","jetpack_shortlink":"https:\/\/wp.me\/py5dN-1MC","jetpack_sharing_enabled":true,"_links":{"self":[{"href":"https:\/\/www.berlin.freidenker.org\/index.php?rest_route=\/wp\/v2\/posts\/6858","targetHints":{"allow":["GET"]}}],"collection":[{"href":"https:\/\/www.berlin.freidenker.org\/index.php?rest_route=\/wp\/v2\/posts"}],"about":[{"href":"https:\/\/www.berlin.freidenker.org\/index.php?rest_route=\/wp\/v2\/types\/post"}],"author":[{"embeddable":true,"href":"https:\/\/www.berlin.freidenker.org\/index.php?rest_route=\/wp\/v2\/users\/12"}],"replies":[{"embeddable":true,"href":"https:\/\/www.berlin.freidenker.org\/index.php?rest_route=%2Fwp%2Fv2%2Fcomments&post=6858"}],"version-history":[{"count":3,"href":"https:\/\/www.berlin.freidenker.org\/index.php?rest_route=\/wp\/v2\/posts\/6858\/revisions"}],"predecessor-version":[{"id":6861,"href":"https:\/\/www.berlin.freidenker.org\/index.php?rest_route=\/wp\/v2\/posts\/6858\/revisions\/6861"}],"wp:attachment":[{"href":"https:\/\/www.berlin.freidenker.org\/index.php?rest_route=%2Fwp%2Fv2%2Fmedia&parent=6858"}],"wp:term":[{"taxonomy":"category","embeddable":true,"href":"https:\/\/www.berlin.freidenker.org\/index.php?rest_route=%2Fwp%2Fv2%2Fcategories&post=6858"},{"taxonomy":"post_tag","embeddable":true,"href":"https:\/\/www.berlin.freidenker.org\/index.php?rest_route=%2Fwp%2Fv2%2Ftags&post=6858"}],"curies":[{"name":"wp","href":"https:\/\/api.w.org\/{rel}","templated":true}]}}