{"id":6876,"date":"2025-04-23T13:44:29","date_gmt":"2025-04-23T11:44:29","guid":{"rendered":"https:\/\/www.berlin.freidenker.org\/?p=6876"},"modified":"2025-04-25T20:54:55","modified_gmt":"2025-04-25T18:54:55","slug":"interview-mit-prof-dr-annie-lacroix-riz-bei-oval-media-diktatur-der-banque-de-france","status":"publish","type":"post","link":"https:\/\/www.berlin.freidenker.org\/?p=6876","title":{"rendered":"Interview mit Prof. Dr. Annie Lacroix-Riz bei Oval Media: &#8222;Diktatur der Banque de France&#8220;"},"content":{"rendered":"<div>\n<h1 style=\"text-align: center;\">*<\/h1>\n<div>Das folgende Interview mit <b>Prof. Dr. Annie Lacroix-Ri<\/b>z, worin sie die &#8222;<i><b>Diktatur der Banque de France<\/b><\/i>&#8220; und damit des Gro\u00dfkapitals in Frankreich erw\u00e4hnt, ist im April 2025 ver\u00f6ffentlicht worden. Dies ist das Ergebnis einer Veranstaltung der Berliner Freidenker im Sprechsaal Berlin 2024, wo der Journalist von Ovalmedia die Geschichtswissenschaftlerin kennenlernte.<\/div>\n<div>Auch der renommierte Pariser Anthropologe und Demograph Emmanuel Todd zeigte auf, dass die &#8222;liberalen Oligarchien&#8220; den Kern der Demokratie, n\u00e4mlich die <i>Volkssouver\u00e4nit\u00e4t<\/i>, zunehmend mit bellizistisch-militaristischer strategischer Kommunikation \u00fcberschreiben.<\/div>\n<div>Kurz: Die Demokratie wird entkernt und zugleich wandelt sich der Liberalismus, da die herrschende Klasse zunehmend auf ultrarechte Herrschaftsstrukturen setzt, um ihre materielle Macht auch unter versch\u00e4rfter Krisenlage zu sichern.<\/div>\n<div>Die Fassadendemokratie unserer &#8222;liberalen Oligarchien&#8220; (E. Todd)\u00a0steht in engem Zusammenhang mit der gegenw\u00e4rtigen imperialen Dynamik und so auch mit der dringenden Suche nach einer radikaldemokratischen L\u00f6sung des Gesamtproblems, welches schlimmstenfalls die europ\u00e4ische Zivilisation einem Nuklear-Selbstmord im Interesse der Herrschaftsabsicherung des angloamerikanischen Weltmachtanspruchs zuf\u00fchren k\u00f6nnte.<\/div>\n<div>Daher die Schlussfolgerung: <b>Eurasia statt EU<\/b> und interkulturell-friedvolle\u00a0<b>Volksherrschaft statt faschistoide Militarisierung<\/b>!<\/div>\n<div><\/div>\n<div>Hintergrund dieses Interviews:<\/div>\n<div>\n<blockquote>\n<div dir=\"ltr\">\n<div class=\"gmail_quote\">\n<div dir=\"ltr\">\n<div class=\"gmail_quote\">\n<div dir=\"ltr\">\n<div class=\"gmail_quote\">\n<div dir=\"auto\">\n<div class=\"gmail_quote\" dir=\"auto\">\n<div dir=\"auto\">\n<div class=\"gmail_quote\" dir=\"auto\">\n<div dir=\"auto\">\n<div class=\"gmail_quote\" dir=\"auto\">\n<div dir=\"auto\">\n<div class=\"gmail_quote\" dir=\"auto\">\n<div class=\"gmail_quote\">\n<blockquote class=\"gmail_quote\"><p>In diesem drei\u00dfigmin\u00fctigen Interview beleuchtet die f\u00fcr ihre<br \/>\nKollaborationsforschungen international bekannte Geschichtswissenschaftlerin aus Paris<br \/>\nThemen wie etwa die\u00a0 mangelhafte Wissenschaftsfreiheit in der euro-nordamerkanischen<br \/>\nSp\u00e4tmoderne (seit den 1980er und insbesondere 1990er Jahren, parallel zur Deregulierung<br \/>\ndes spekulativen Finanzkapitals in der EU) sowie die frappierende Kontinuit\u00e4t der<br \/>\n&#8222;<b><i>Diktatur der Banque de France<\/i><\/b>&#8222;,\u00a0 welche aus <b>privaten Gro\u00dfbanken<\/b> besteht.<\/p><\/blockquote>\n<\/div>\n<\/div>\n<\/div>\n<\/div>\n<\/div>\n<\/div>\n<\/div>\n<\/div>\n<\/div>\n<\/div>\n<\/div>\n<\/div>\n<\/div>\n<\/div>\n<\/div>\n<\/blockquote>\n<\/div>\n<\/div>\n<div>\n<blockquote>\n<div dir=\"ltr\">\n<div class=\"gmail_quote\">\n<div dir=\"ltr\">\n<div class=\"gmail_quote\">\n<div dir=\"ltr\">\n<div class=\"gmail_quote\">\n<div dir=\"auto\">\n<div class=\"gmail_quote\" dir=\"auto\">\n<div dir=\"auto\">\n<div class=\"gmail_quote\" dir=\"auto\">\n<div dir=\"auto\">\n<div class=\"gmail_quote\" dir=\"auto\">\n<div dir=\"auto\">\n<div class=\"gmail_quote\" dir=\"auto\">\n<div class=\"gmail_quote\" style=\"text-align: left;\">\n<blockquote><p>Hier gehts zum Interview bei OVAL MEDIA:<\/p><\/blockquote>\n<\/div>\n<\/div>\n<\/div>\n<\/div>\n<\/div>\n<\/div>\n<\/div>\n<\/div>\n<\/div>\n<\/div>\n<\/div>\n<\/div>\n<\/div>\n<\/div>\n<\/div>\n<\/blockquote>\n<\/div>\n<div><a href=\"https:\/\/www.oval.media\/prof-annie-lacroix-riz-narrative-198-by-robert-cibis\/\" target=\"_blank\" rel=\"noopener noreferrer noreferrer noreferrer noreferrer noreferrer noreferrer\">https:\/\/www.oval.media\/prof-annie-lacroix-riz-narrative-198-by-robert-cibis\/<\/a><\/div>\n","protected":false},"excerpt":{"rendered":"<p>* Das folgende Interview mit Prof. Dr. Annie Lacroix-Riz, worin sie die &#8222;Diktatur der Banque de France&#8220; und damit des Gro\u00dfkapitals in Frankreich erw\u00e4hnt, ist im April 2025 ver\u00f6ffentlicht worden. Dies ist das Ergebnis einer Veranstaltung der Berliner Freidenker im Sprechsaal Berlin 2024, wo der Journalist von Ovalmedia die Geschichtswissenschaftlerin kennenlernte. Auch der renommierte Pariser [&hellip;]<\/p>\n","protected":false},"author":12,"featured_media":0,"comment_status":"closed","ping_status":"closed","sticky":false,"template":"","format":"standard","meta":{"jetpack_post_was_ever_published":false,"_jetpack_newsletter_access":"","_jetpack_dont_email_post_to_subs":false,"_jetpack_newsletter_tier_id":0,"_jetpack_memberships_contains_paywalled_content":false,"_jetpack_memberships_contains_paid_content":false,"footnotes":""},"categories":[14,30,8],"tags":[],"class_list":["post-6876","post","type-post","status-publish","format-standard","hentry","category-aktivitaeten-des-dfv-berlin","category-europa","category-standpunkte"],"jetpack_featured_media_url":"","jetpack_shortlink":"https:\/\/wp.me\/py5dN-1MU","jetpack_sharing_enabled":true,"_links":{"self":[{"href":"https:\/\/www.berlin.freidenker.org\/index.php?rest_route=\/wp\/v2\/posts\/6876","targetHints":{"allow":["GET"]}}],"collection":[{"href":"https:\/\/www.berlin.freidenker.org\/index.php?rest_route=\/wp\/v2\/posts"}],"about":[{"href":"https:\/\/www.berlin.freidenker.org\/index.php?rest_route=\/wp\/v2\/types\/post"}],"author":[{"embeddable":true,"href":"https:\/\/www.berlin.freidenker.org\/index.php?rest_route=\/wp\/v2\/users\/12"}],"replies":[{"embeddable":true,"href":"https:\/\/www.berlin.freidenker.org\/index.php?rest_route=%2Fwp%2Fv2%2Fcomments&post=6876"}],"version-history":[{"count":7,"href":"https:\/\/www.berlin.freidenker.org\/index.php?rest_route=\/wp\/v2\/posts\/6876\/revisions"}],"predecessor-version":[{"id":6889,"href":"https:\/\/www.berlin.freidenker.org\/index.php?rest_route=\/wp\/v2\/posts\/6876\/revisions\/6889"}],"wp:attachment":[{"href":"https:\/\/www.berlin.freidenker.org\/index.php?rest_route=%2Fwp%2Fv2%2Fmedia&parent=6876"}],"wp:term":[{"taxonomy":"category","embeddable":true,"href":"https:\/\/www.berlin.freidenker.org\/index.php?rest_route=%2Fwp%2Fv2%2Fcategories&post=6876"},{"taxonomy":"post_tag","embeddable":true,"href":"https:\/\/www.berlin.freidenker.org\/index.php?rest_route=%2Fwp%2Fv2%2Ftags&post=6876"}],"curies":[{"name":"wp","href":"https:\/\/api.w.org\/{rel}","templated":true}]}}