{"id":6885,"date":"2025-04-28T19:27:43","date_gmt":"2025-04-28T17:27:43","guid":{"rendered":"https:\/\/www.berlin.freidenker.org\/?p=6885"},"modified":"2025-04-28T19:27:43","modified_gmt":"2025-04-28T17:27:43","slug":"veranstaltungshinweis-3-mai-sowjetisches-ehrenmal-wir-sagen-danke","status":"publish","type":"post","link":"https:\/\/www.berlin.freidenker.org\/?p=6885","title":{"rendered":"Veranstaltungshinweis: 3. Mai Sowjetisches Ehrenmal WIR SAGEN DANKE!"},"content":{"rendered":"\r\n<h1 style=\"text-align: center;\"><strong>\u2605<\/strong><\/h1>\r\n<p style=\"text-align: center;\"><strong>80. Jahrestag BEFREIUNG VOM FASCHISMUS<\/strong><br \/><strong>WIR SAGEN DANKE! FRIEDEN! GUTE NACHBARSCHAFT MIT RUSSLAND!<\/strong><\/p>\r\n<p><strong>3. MAI 2025 14:00-16:30 UHR<\/strong> POLITIK UND KULTUR<br \/>N\u00e4he Brandenburger Tor \/ Sowjetisches Ehrenmal<br \/>Berlin Tiergarten, Stra\u00dfe des 17. Juni<\/p>\r\n<p><a href=\"https:\/\/i0.wp.com\/www.berlin.freidenker.org\/wp-content\/uploads\/2025\/04\/Grafik_Fahne-RT-1.jpg?ssl=1\"><img data-recalc-dims=\"1\" loading=\"lazy\" decoding=\"async\" class=\"aligncenter  wp-image-6898\" src=\"https:\/\/i0.wp.com\/www.berlin.freidenker.org\/wp-content\/uploads\/2025\/04\/Grafik_Fahne-RT-1.jpg?resize=499%2C336&#038;ssl=1\" alt=\"Hissen der sowj. Fahne auf dem RT 1945\" width=\"499\" height=\"336\" srcset=\"https:\/\/i0.wp.com\/www.berlin.freidenker.org\/wp-content\/uploads\/2025\/04\/Grafik_Fahne-RT-1.jpg?resize=300%2C202&amp;ssl=1 300w, https:\/\/i0.wp.com\/www.berlin.freidenker.org\/wp-content\/uploads\/2025\/04\/Grafik_Fahne-RT-1.jpg?resize=768%2C518&amp;ssl=1 768w, https:\/\/i0.wp.com\/www.berlin.freidenker.org\/wp-content\/uploads\/2025\/04\/Grafik_Fahne-RT-1.jpg?w=1019&amp;ssl=1 1019w\" sizes=\"auto, (max-width: 499px) 100vw, 499px\" \/><\/a><\/p>\r\n<p><strong>Frieden ohne oder gar gegen Russland?<\/strong><br \/>Kann man der russischen Regierung trauen, dass sie ihre Truppen nicht doch weiter nach Westen (Norden, S\u00fcden) schickt? Aus Moskauer Sicht stellt sich\u00a0 die Frage umgekehrt: Kann Russland dem Westen trauen? Nach dem Bruch der Zusage, die NATO nicht nach Osten auszuweiten, nach der K\u00fcndigung aller R\u00fcstungskontrollvertr\u00e4ge ausnahmslos durch den Westen, nachdem wenige Wochen nach Kriegsbeginn das von der Ukraine und Russland vereinbarte <strong>Istanbuler Kommuniqu\u00e9 zu einem Waffenstillstand und Friedensverhandlungen auf Druck des Westens zerrissen wurde?<\/strong><\/p>\r\n<p><br \/><strong>Frieden in Europa ist m\u00f6glich<\/strong><br \/>Frieden und Zusammenarbeit von Lissabon bis Wladiwostok gab es schon einmal. Im Prozess der Konferenz f\u00fcr Sicherheit und Zusammenarbeit in Europa (KSZE) wurden ab 1973 Abr\u00fcstung und R\u00fcstungskontrolle Wirklichkeit, auch gedeihliche Zusammenarbeit in Wirtschaft, Wissenschaft, Kultur, Jugendaustausch, St\u00e4dtepartnerschaften\u2026<br \/>Im Juni 1990 haben die zwei Deutschlands und die vier Siegerm\u00e4chte den 2+4-Vertrag als Grundlage der deutschen Einigung unterzeichnet. Darin zeigten sie sich \u201eENTSCHLOSSEN, die Sicherheitsinteressen eines jeden zu ber\u00fccksichtigen\u201c, sie bekr\u00e4ftigten ihre Bereitschaft zu \u201ewirksamer R\u00fcstungskontrolle, Abr\u00fcstung\u201c und \u201esich gegenseitig nicht als Gegner zu betrachten, sondern auf ein Verh\u00e4ltnis des Vertrauens und der Zusammenarbeit hinzuarbeiten\u2026\u201c<\/p>\r\n<p>Hier den gesamten Flyer herunterladen: <a href=\"https:\/\/www.berlin.freidenker.org\/wp-content\/uploads\/2025\/04\/80J-Flyer-Druck.pdf\" target=\"_blank\" rel=\"noopener\">80J-Flyer-Druck<\/a><\/p>\r\n<p><a href=\"https:\/\/i0.wp.com\/www.berlin.freidenker.org\/wp-content\/uploads\/2025\/04\/Grafik_80ter-Jahrestag.jpg?ssl=1\"><img data-recalc-dims=\"1\" loading=\"lazy\" decoding=\"async\" class=\"size-medium wp-image-6894 alignleft\" src=\"https:\/\/i0.wp.com\/www.berlin.freidenker.org\/wp-content\/uploads\/2025\/04\/Grafik_80ter-Jahrestag.jpg?resize=214%2C300&#038;ssl=1\" alt=\"\" width=\"214\" height=\"300\" srcset=\"https:\/\/i0.wp.com\/www.berlin.freidenker.org\/wp-content\/uploads\/2025\/04\/Grafik_80ter-Jahrestag.jpg?resize=214%2C300&amp;ssl=1 214w, https:\/\/i0.wp.com\/www.berlin.freidenker.org\/wp-content\/uploads\/2025\/04\/Grafik_80ter-Jahrestag.jpg?w=573&amp;ssl=1 573w\" sizes=\"auto, (max-width: 214px) 100vw, 214px\" \/><\/a>Diese Erfahrungen auf dem Weg zu einer Europ\u00e4ischen Sicherheitsarchitektur unter Einschluss Russland liegen vor.<br \/>Wir k\u00f6nnen an sie ankn\u00fcpfen.<\/p>\r\n<p>KULTUR UND POLITIK<br \/>N\u00e4he Brandenburger Tor \/ Sowjetisches Ehrenmal<br \/>Stra\u00dfe des 17. Juni, Berlin mit Musik: Tino Eisbrenner, Jens und Alexa Fischer Rodrian, Helena Goldt, , Hartmut K\u00f6nig, Vlad Mayer, Quijote<br \/>Michael Seidel, Tobias Thiele, Karsten Troyke, <br \/>\u00a0Wort: Alexander von Bismarck, Egon Krenz, Inge Pardon und Lisa Tulpanowa-Bezold, Marleen Scheel, Dr. Heinz Wehmeier, Laura v. Wimmersperg<br \/>Per Video: Dr. Vladislav Belov, Gabriele Krone-Schmalz, Ljudmilla Sirota, <br \/>V.i.S.d.P. Christiane Reymann<br \/><span class=\"fontstyle0\">Bitte unterzeichnen unter <\/span><span class=\"fontstyle0\">www.befreiung.org<br \/><\/span><span class=\"fontstyle0\">und verbreiten oder per Mail: <\/span><span class=\"fontstyle0\">mail@befreiung.org<br \/><\/span><span class=\"fontstyle0\">oder mit der Post: <\/span><span class=\"fontstyle0\">Befreiung, Haus der Demokratie,<br \/>Greifswalder Str. 4, 10405 Berlin<\/span><\/p>\r\n<h1 style=\"text-align: center;\"><strong>\u2605<\/strong><\/h1>\r\n<p><br \/><br \/>.\/.<\/p>\r\n","protected":false},"excerpt":{"rendered":"<p>\u2605 80. Jahrestag BEFREIUNG VOM FASCHISMUSWIR SAGEN DANKE! FRIEDEN! GUTE NACHBARSCHAFT MIT RUSSLAND! 3. MAI 2025 14:00-16:30 UHR POLITIK UND KULTURN\u00e4he Brandenburger Tor \/ Sowjetisches EhrenmalBerlin Tiergarten, Stra\u00dfe des 17. Juni Frieden ohne oder gar gegen Russland?Kann man der russischen Regierung trauen, dass sie ihre Truppen nicht doch weiter nach Westen (Norden, S\u00fcden) schickt? Aus [&hellip;]<\/p>\n","protected":false},"author":12,"featured_media":0,"comment_status":"closed","ping_status":"closed","sticky":false,"template":"","format":"standard","meta":{"jetpack_post_was_ever_published":false,"_jetpack_newsletter_access":"","_jetpack_dont_email_post_to_subs":false,"_jetpack_newsletter_tier_id":0,"_jetpack_memberships_contains_paywalled_content":false,"_jetpack_memberships_contains_paid_content":false,"footnotes":""},"categories":[1,22,45,13],"tags":[456,757,107],"class_list":["post-6885","post","type-post","status-publish","format-standard","hentry","category-allgemein","category-friedensaktionen","category-friedensbewegung","category-veranstaltungen","tag-aufruestung","tag-frieden","tag-russland"],"jetpack_featured_media_url":"","jetpack_shortlink":"https:\/\/wp.me\/py5dN-1N3","jetpack_sharing_enabled":true,"_links":{"self":[{"href":"https:\/\/www.berlin.freidenker.org\/index.php?rest_route=\/wp\/v2\/posts\/6885","targetHints":{"allow":["GET"]}}],"collection":[{"href":"https:\/\/www.berlin.freidenker.org\/index.php?rest_route=\/wp\/v2\/posts"}],"about":[{"href":"https:\/\/www.berlin.freidenker.org\/index.php?rest_route=\/wp\/v2\/types\/post"}],"author":[{"embeddable":true,"href":"https:\/\/www.berlin.freidenker.org\/index.php?rest_route=\/wp\/v2\/users\/12"}],"replies":[{"embeddable":true,"href":"https:\/\/www.berlin.freidenker.org\/index.php?rest_route=%2Fwp%2Fv2%2Fcomments&post=6885"}],"version-history":[{"count":6,"href":"https:\/\/www.berlin.freidenker.org\/index.php?rest_route=\/wp\/v2\/posts\/6885\/revisions"}],"predecessor-version":[{"id":6900,"href":"https:\/\/www.berlin.freidenker.org\/index.php?rest_route=\/wp\/v2\/posts\/6885\/revisions\/6900"}],"wp:attachment":[{"href":"https:\/\/www.berlin.freidenker.org\/index.php?rest_route=%2Fwp%2Fv2%2Fmedia&parent=6885"}],"wp:term":[{"taxonomy":"category","embeddable":true,"href":"https:\/\/www.berlin.freidenker.org\/index.php?rest_route=%2Fwp%2Fv2%2Fcategories&post=6885"},{"taxonomy":"post_tag","embeddable":true,"href":"https:\/\/www.berlin.freidenker.org\/index.php?rest_route=%2Fwp%2Fv2%2Ftags&post=6885"}],"curies":[{"name":"wp","href":"https:\/\/api.w.org\/{rel}","templated":true}]}}