{"id":69,"date":"2009-04-17T22:11:15","date_gmt":"2009-04-17T20:11:15","guid":{"rendered":"http:\/\/www.berlin.freidenker.org\/?p=69"},"modified":"2009-04-17T22:11:40","modified_gmt":"2009-04-17T20:11:40","slug":"presseinformation-zum-65-jahrestag-der-ermordung-max-sievers","status":"publish","type":"post","link":"https:\/\/www.berlin.freidenker.org\/?p=69","title":{"rendered":"Presseinformation zum 65. Jahrestag der Ermordung Max Sievers"},"content":{"rendered":"<p><a href=\"..\/wp-content\/uploads\/foto\/msievers.jpg\"><img decoding=\"async\" style=\"width: 120px; float: left; margin-right: 20px; margin-bottom: 10px;\" src=\"..\/wp-content\/uploads\/thumb\/msievers.jpg\" alt=\"Max Sievers\" \/><\/a><\/p>\n<p>Am 17. Januar 1944, vor 65 Jahren, verlor unser Genosse Max Sievers sein Leben unter dem Fallbeil der deutschen Nazis im Zuchthaus Brandenburg.<\/p>\n<p>Seit 1922 stand er an der Spitze der deutschen Freidenkerbewegung und hat diese ma\u00dfgeblich gepr\u00e4gt. Mit \u00fcber 500.000 Mitgliedern waren die Freidenker eine der gr\u00f6\u00dften Weltanschauungsgemeinschaften und Kulturorganisationen der Weimarer Republik.<\/p>\n<p><!--more-->Als Marxist und Sozialist sah Max Sievers die Freidenker als Teil der Arbeiterbewegung und ihres Kampfes gegen Ausbeutung, klerikales Dunkelm\u00e4nnertum, Rassismus Faschismus und Krieg.<\/p>\n<p>Als einer der ersten gro\u00dfen Organisationen der Arbeiterbewegung wurden die Freidenker nach Hitlers Machtergreifung im Januar 1933 zerschlagen, viele seiner Mitglieder verhaftet und gefoltert sowie die Zentrale des DFV in Berlin gepl\u00fcndert und zerst\u00f6rt.<\/p>\n<p>Max Sievers kam nach dem Reichstagsbrand in \u201eSchutzhaft\u201c und wurde schwer misshandelt. Wieder Erwarten kam er frei und wurde im August 1933 mit anderen bekannten Pers\u00f6nlichkeiten ausgeb\u00fcrgert.<\/p>\n<p>Sofort nahm er den antifaschistischen Kampf im Saarland, in Belgien und in Frankreich auf. Im Juni 1943 wurde Max Sievers von den Nazis in Paris verhaftet, in die Gestapo-Zentrale nach Berlin \u00fcberf\u00fchrt und 1944 vom Blutrichter Freisler zum Tode verurteilt. Aus den Prozessakten geht hervor, das Max Sievers seinen sozialistischen \u00dcberzeugungen treu blieb.<\/p>\n<p>Erst im Februar 1946 konnte seine Urne auf dem Friedhof Berlin Wedding, Gerichtsstra\u00dfe, beigesetzt werden. Im Jahr 2004 wurde sein Grab durch den Berliner Senat zum Ehrengrab erkl\u00e4rt.<\/p>\n<p>Einen ausf\u00fchrlichen Lebenslauf finden sie hier: <a href=\"..\/wp-content\/uploads\/pdf\/lebenslaeufe\/msievers.pdf\">Lebensl\u00e4ufe\/Max Sievers<\/a><\/p>\n<p>Die Neue Rheinische Zeitung ver\u00f6ffentlichte am 11.07.07 folgenden Artikel: <a href=\"http:\/\/www.nrhz.de\/flyer\/beitrag.php?id=11171\">Ein Gro\u00dfer Unbekannter: Max Sievers<\/a><\/p>\n<p><strong>Eine notwendige Erg\u00e4nzung zum im Artikel genannten Amtsgerichtsrat Edmund Stark:<\/strong><\/p>\n<p>Die Richter, die Max Sievers &#8222;hinrichten&#8220; lie\u00dfen:<br \/>\nDer Erste Senat des Volksgerichtshofes hatte in folgender f\u00fcr sich sprechender Besetzung verhandelt und entschieden:<\/p>\n<p>Pr\u00e4sident des Volksgerichtshofs, Dr. jur. Roland Freisler, Vorsitzender,<br \/>\nLandgerichtsdirektor Steger,<br \/>\nNSKK &#8211; Obergruppenf\u00fchrer Offermann,<br \/>\nSA &#8211; Gruppenf\u00fchrer Dr. von Helms, und<br \/>\nMinisterialrat im OKW Dr. Herzlieb als Beisitzer,<br \/>\nsowie <strong>Amtsgerichtsrat Stark als Vertreter des Oberreichsanwalts<\/strong>.<\/p>\n<p><em>Edmund Stark beteiligt an mindestens 50 Todesurteilen! Nach 1945 brachte er es in der Bundesrepublik Deutschland u.a. zu einem Landgerichtsdirektor in Ravensburg und zum Vorsitzender des &#8222;Pr\u00fcfungsausschusses f\u00fcr Kriegsdienstverweigerer\u201c.<\/em><br \/>\n(nach Informationen von Prof. E.Buchholz\/Berlin)<\/p>\n","protected":false},"excerpt":{"rendered":"<p>Am 17. Januar 1944, vor 65 Jahren, verlor unser Genosse Max Sievers sein Leben unter dem Fallbeil der deutschen Nazis im Zuchthaus Brandenburg. Seit 1922 stand er an der Spitze der deutschen Freidenkerbewegung und hat diese ma\u00dfgeblich gepr\u00e4gt. Mit \u00fcber 500.000 Mitgliedern waren die Freidenker eine der gr\u00f6\u00dften Weltanschauungsgemeinschaften und Kulturorganisationen der Weimarer Republik.<\/p>\n","protected":false},"author":4,"featured_media":0,"comment_status":"closed","ping_status":"closed","sticky":false,"template":"","format":"standard","meta":{"jetpack_post_was_ever_published":false,"_jetpack_newsletter_access":"","_jetpack_dont_email_post_to_subs":false,"_jetpack_newsletter_tier_id":0,"_jetpack_memberships_contains_paywalled_content":false,"_jetpack_memberships_contains_paid_content":false,"footnotes":""},"categories":[1],"tags":[],"class_list":["post-69","post","type-post","status-publish","format-standard","hentry","category-allgemein"],"jetpack_featured_media_url":"","jetpack_shortlink":"https:\/\/wp.me\/py5dN-17","jetpack_sharing_enabled":true,"_links":{"self":[{"href":"https:\/\/www.berlin.freidenker.org\/index.php?rest_route=\/wp\/v2\/posts\/69","targetHints":{"allow":["GET"]}}],"collection":[{"href":"https:\/\/www.berlin.freidenker.org\/index.php?rest_route=\/wp\/v2\/posts"}],"about":[{"href":"https:\/\/www.berlin.freidenker.org\/index.php?rest_route=\/wp\/v2\/types\/post"}],"author":[{"embeddable":true,"href":"https:\/\/www.berlin.freidenker.org\/index.php?rest_route=\/wp\/v2\/users\/4"}],"replies":[{"embeddable":true,"href":"https:\/\/www.berlin.freidenker.org\/index.php?rest_route=%2Fwp%2Fv2%2Fcomments&post=69"}],"version-history":[{"count":2,"href":"https:\/\/www.berlin.freidenker.org\/index.php?rest_route=\/wp\/v2\/posts\/69\/revisions"}],"predecessor-version":[{"id":71,"href":"https:\/\/www.berlin.freidenker.org\/index.php?rest_route=\/wp\/v2\/posts\/69\/revisions\/71"}],"wp:attachment":[{"href":"https:\/\/www.berlin.freidenker.org\/index.php?rest_route=%2Fwp%2Fv2%2Fmedia&parent=69"}],"wp:term":[{"taxonomy":"category","embeddable":true,"href":"https:\/\/www.berlin.freidenker.org\/index.php?rest_route=%2Fwp%2Fv2%2Fcategories&post=69"},{"taxonomy":"post_tag","embeddable":true,"href":"https:\/\/www.berlin.freidenker.org\/index.php?rest_route=%2Fwp%2Fv2%2Ftags&post=69"}],"curies":[{"name":"wp","href":"https:\/\/api.w.org\/{rel}","templated":true}]}}