{"id":6918,"date":"2025-06-08T11:27:49","date_gmt":"2025-06-08T09:27:49","guid":{"rendered":"https:\/\/www.berlin.freidenker.org\/?p=6918"},"modified":"2025-07-08T13:26:06","modified_gmt":"2025-07-08T11:26:06","slug":"aufruf-zur-protestkundgebung-14-juni-in-berlin-stoppt-den-voelkermord-das-aushungern-und-die-vertreibung-der-palaestinenser","status":"publish","type":"post","link":"https:\/\/www.berlin.freidenker.org\/?p=6918","title":{"rendered":"Aufruf zur Protestkundgebung, 14. Juni in Berlin: STOPPT DEN V\u00d6LKERMORD, DAS AUSHUNGERN UND DIE VERTREIBUNG DER PAL\u00c4STINENSER!"},"content":{"rendered":"<p><center><span style=\"color: #333399;\"><b>Aufruf zur Protestkundgebung<\/b><\/span><\/center><\/p>\n<div class=\"entry-content\">\n<p>&nbsp;<\/p>\n<h2 style=\"text-align: center;\"><span style=\"color: #ff0000;\"><b>14. Juni in Berlin<\/b><\/span><\/h2>\n<h3 style=\"text-align: center;\"><span style=\"color: #ff0000;\">Platz des 18. M\u00e4rz \u2013 Beginn 14.00 Uhr<\/span><\/h3>\n<p>&nbsp;<\/p>\n<h2 style=\"text-align: center;\"><b>STOPPT DEN V\u00d6LKERMORD, DAS AUSHUNGERN<br \/>\nUND DIE VERTREIBUNG DER PAL\u00c4STINENSER!<\/b><\/h2>\n<p>&nbsp;<\/p>\n<h4 style=\"text-align: center;\"><b>DAS RECHT AUF LEBEN IST UNTEILBAR!<br \/>\n\u201eGAZA IST EIN \u201aKILLING FIELD\u2018\u201c<\/b><br \/>\n(UN-Generalsekret\u00e4r Ant\u00f3nio Guterres)<\/h4>\n<p>&nbsp;<\/p>\n<h3><b>Wir fordern:<\/b><\/h3>\n<ul>\n<li>Keine Waffenlieferungen nach Israel.<\/li>\n<li>Stopp jeglicher milit\u00e4rischer Zusammenarbeit.<\/li>\n<li>Keine \u201eStaatsr\u00e4son\u201c, die die brutale und v\u00f6lkerrechtswidrige Kriegs-, Entrechtungs-, Enteignungs-, Besatzungs- und Vernichtungspolitik Israels rechtfertigt \u2013 nicht nur in Gaza.<\/li>\n<li>Keine Kriminalisierung von Pal\u00e4stina-Solidarit\u00e4t und Friedensbewegung.<\/li>\n<\/ul>\n<h3>Wir rufen alle auf, nicht mehr zuzusehen, wie ein Volk ausgel\u00f6scht wird.<\/h3>\n<p><b>Veranstalter:<\/b><\/p>\n<p><em>Initiative \u201eNie wieder Krieg \u2013 Die Waffen nieder!\u201c, Friedenskoordination Berlin, J\u00fcdische Stimme f\u00fcr gerechten Frieden in Nahost, Eye4Palestine, Pal\u00e4stinensisches Nationalkomitee<\/em><\/p>\n<h3>Weitere Gruppen, die die Protestkundgebung unterst\u00fctzen m\u00f6chten, senden uns bitte eine Mail an:\u00a0<a href=\"mailto:mail@nie-wieder-krieg.org\"><b>mail@nie-wieder-krieg.org<\/b><\/a><br \/>\n***<\/h3>\n<p>Quelle: https:\/\/nie-wieder-krieg.org\/gaza\/<\/p>\n<\/div>\n<p>&nbsp;<\/p>\n<h3><\/h3>\n<p><!--more--><\/p>\n<div class=\"entry-content\">\n<h3><b>Die Protestkundgebung wird zudem (Stand: 6. Juni) von folgenden Gruppen unterst\u00fctzt:<\/b><\/h3>\n<div id=\"entfloaten-1\">\n<ol start=\"1\">\n<li>Pal\u00e4stinensische Gemeinde Deutschland<\/li>\n<li>Werkstatt f\u00fcr Ann\u00e4herung und Dialog<\/li>\n<li>European Peace Project<\/li>\n<li>Anti-War Caf\u00e9 Berlin<\/li>\n<li>BSW Bundesvorstand sowie Landesvorst\u00e4nde Berlin, Bremen, NRW und Th\u00fcringen \/ BSW-Unterst\u00fctzergruppe K\u00f6ln \/ AGBSW \u2013 Arbeit und Gewerkschaft beim BSW<\/li>\n<li>BAG Betrieb und Gewerkschaft der Partei Die Linke \/ Berliner Landessprecherrat der Kommunistischen Plattform der Partei Die Linke \/ Basisorganisation Die Linke Neuk\u00f6lln-Reuterkiez<\/li>\n<li>Naturwissenschaftler Innen-Initiative Verantwortung f\u00fcr Frieden und Zukunftsf\u00e4higkeit<\/li>\n<li>Bundesmigrationsausschuss ver.di<\/li>\n<li>Redaktion \u201eSoziale Politik &amp; Demokratie\u201c<\/li>\n<li>Politische Arbeitskreise f\u00fcr unabh\u00e4ngige Arbeitnehmerpolitik<\/li>\n<li>Initiative \u201eGewerkschaften gegen Aufr\u00fcstung und Krieg!\u201c<\/li>\n<li>Was tun?! \u2013 Netzwerk f\u00fcr sozialistische Politik und Was tun?! Unterst\u00fctzerkreis K\u00f6ln<\/li>\n<li>B\u00fcndnis f\u00fcr Frieden Brandenburg<\/li>\n<li>Die Unbeugsamen e.V.<\/li>\n<li>Gewerkschaftliche Linke Berlin<\/li>\n<\/ol>\n<\/div>\n<div id=\"entfloaten-2\">\n<ol start=\"16\">\n<li>DIDF-Jugend<\/li>\n<li>DKP<\/li>\n<li>SDAJ<\/li>\n<li>Nachdenkseiten Gespr\u00e4chskreise in Berlin \/ Nachdenkseiten Gespr\u00e4chskreis Bremen<\/li>\n<li>Oberschwaben f\u00fcr Pal\u00e4stina<\/li>\n<li>FBK Freundschaftsgesellschaft Berlin-Kuba e.V.<\/li>\n<li>F\u00f6deration Demokratischer Arbeitervereine (DIDF)<\/li>\n<li>Global March to Gaza 2025<\/li>\n<li>Pal\u00e4stina-Koordination K\u00f6ln<\/li>\n<li>IJV \u2013 Internationaler Jugendverein<\/li>\n<li>Friedensforum Neum\u00fcnster<\/li>\n<li>Pal\u00e4stina-Koordination K\u00f6ln<\/li>\n<li>Karl-Liebknecht-Kreis Brandenburg<\/li>\n<li>MLPD<\/li>\n<li>Bundesweite AG Globalisierung und Krieg<\/li>\n<li>Deutscher Friedensrat<\/li>\n<li>VVN\/VdA<\/li>\n<li><strong>Deutscher Freidenker Verband e.V.<\/strong><\/li>\n<li>VVN \/ BdA Landesvereinigung Saarland<\/li>\n<li>Friedenspolitisches Forum Oberhausen<\/li>\n<li>B\u00fcndnis Solidarische Linke Saar<\/li>\n<\/ol>\n<\/div>\n<div>\n<h3>Weitere Gruppen, die die Protestkundgebung unterst\u00fctzen m\u00f6chten, senden uns bitte eine Mail an:\u00a0<a href=\"mailto:mail@nie-wieder-krieg.org\"><b>mail@nie-wieder-krieg.org<\/b><\/a><br \/>\n***<\/h3>\n<p>Quelle: https:\/\/nie-wieder-krieg.org\/gaza\/<\/p>\n<p>____________________________________________________<\/p>\n<div class=\"et_post_meta_wrapper\">\n<h1 class=\"entry-title\"><b>Online-Debatte: Krieg in Westasien, V\u00f6lkermord in Gaza \u2013 Wachen Politik und Medien endlich auf?<\/b><\/h1>\n<\/div>\n<div class=\"entry-content\">\n<h3><b>Online-Debatte mit Wiebke Diehl und Prof. Dr. Sabine Schiffer<\/b><\/h3>\n<p>11. Juni \u2013 18:30 Uhr<\/p>\n<p>Seit nunmehr eineinhalb Jahren dauert der israelische Vernichtungsfeldzug im Gazastreifen bereits an. Hunger wird als Waffe eingesetzt, die K\u00fcstenenklave in Schutt und Asche gelegt, die meisten gesundheitlichen Einrichtungen sind au\u00dfer Betrieb. Nach Einsch\u00e4tzung der Vereinten Nationen k\u00f6nnte ein Wiederaufbau der Infrastruktur Gazas unter anhaltender Blockade \u00fcber 350 Jahre dauern. Und auch gegen mehrere Nachbarl\u00e4nder f\u00fchrt Israel Krieg.<\/p>\n<p>Trotz seiner jahrzehntelangen v\u00f6lkerrechtswidrigen Besatzungs- und Kriegspolitik stellten sich deutsche Politik und Medien nahezu bedingungslos an die Seite Israels. Daran \u00e4nderte selbst ein von Nicaragua angestrengtes Verfahren vor dem Internationalen Gerichtshof wegen der deutschen Waffenlieferungen an Israel nichts. Jetzt aber scheint sich die Stimmung zu wandeln. \u00dcber die Situation in Westasien und den m\u00f6glicherweise nur vor\u00fcbergehenden Meinungsumschwung im Westen wollen wir gemeinsam mit Wiebke Diehl und Sabine Schiffer diskutieren.<\/p>\n<p><b>Prof. Dr. Sabine Schiffer<\/b> ist Professorin an der Hochschule f\u00fcr Medien, Kommunikation und Wirtschaft in Frankfurt und leitet das Institut f\u00fcr Medienverantwortung. Sie analysiert u.a. die Darstellung des Nahostkonflikts in den Medien und deren Islambild.<\/p>\n<p><b>Wiebke Diehl<\/b> ist Autorin und Journalistin mit Schwerpunkt Westasien. Sie engagiert sich in der Friedensbewegung und ist Mitglied der Initiative \u201eNie wieder Krieg \u2013 Die Waffen nieder\u201c.<\/p>\n<p><b>Moderation: Jutta Kausch-Henken<\/b> (Schauspielerin, Initiative \u201eNie wieder Krieg \u2013 Die Waffen nieder\u201c und Friedenskoordination Berlin)<\/p>\n<p><b>Um an der Veranstaltung teilzunehmen, m\u00fcsst ihr euch registrieren.<\/b> Unmittelbar danach wird ein individueller Zugangslink zugestellt, \u00fcber den ihr euch am 11. Juni kurz vor 18:30 Uhr in die Veranstaltung einw\u00e4hlen k\u00f6nnt:<\/p>\n<p><a href=\"https:\/\/us06web.zoom.us\/meeting\/register\/VQJTTGusQF-yb2UQx3dxxg\" target=\"_blank\" rel=\"noopener\"><b>Registrationslink Veranstaltung am 11. Juni<\/b><\/a><\/p>\n<p>Quelle: https:\/\/nie-wieder-krieg.org\/2025\/05\/28\/voelkermord-gaza\/<\/p>\n<p>***<\/p>\n<\/div>\n<\/div>\n<\/div>\n","protected":false},"excerpt":{"rendered":"<p>Aufruf zur Protestkundgebung &nbsp; 14. Juni in Berlin Platz des 18. M\u00e4rz \u2013 Beginn 14.00 Uhr &nbsp; STOPPT DEN V\u00d6LKERMORD, DAS AUSHUNGERN UND DIE VERTREIBUNG DER PAL\u00c4STINENSER! &nbsp; DAS RECHT AUF LEBEN IST UNTEILBAR! \u201eGAZA IST EIN \u201aKILLING FIELD\u2018\u201c (UN-Generalsekret\u00e4r Ant\u00f3nio Guterres) &nbsp; Wir fordern: Keine Waffenlieferungen nach Israel. Stopp jeglicher milit\u00e4rischer Zusammenarbeit. Keine \u201eStaatsr\u00e4son\u201c, [&hellip;]<\/p>\n","protected":false},"author":12,"featured_media":0,"comment_status":"closed","ping_status":"closed","sticky":false,"template":"","format":"standard","meta":{"jetpack_post_was_ever_published":false,"_jetpack_newsletter_access":"","_jetpack_dont_email_post_to_subs":false,"_jetpack_newsletter_tier_id":0,"_jetpack_memberships_contains_paywalled_content":false,"_jetpack_memberships_contains_paid_content":false,"footnotes":""},"categories":[14,22,13],"tags":[309,59,775,777,112,776],"class_list":["post-6918","post","type-post","status-publish","format-standard","hentry","category-aktivitaeten-des-dfv-berlin","category-friedensaktionen","category-veranstaltungen","tag-die-waffen-nieder","tag-freidenker","tag-gaza","tag-genozid","tag-solidaritaet","tag-voelkermord"],"jetpack_featured_media_url":"","jetpack_shortlink":"https:\/\/wp.me\/py5dN-1NA","jetpack_sharing_enabled":true,"_links":{"self":[{"href":"https:\/\/www.berlin.freidenker.org\/index.php?rest_route=\/wp\/v2\/posts\/6918","targetHints":{"allow":["GET"]}}],"collection":[{"href":"https:\/\/www.berlin.freidenker.org\/index.php?rest_route=\/wp\/v2\/posts"}],"about":[{"href":"https:\/\/www.berlin.freidenker.org\/index.php?rest_route=\/wp\/v2\/types\/post"}],"author":[{"embeddable":true,"href":"https:\/\/www.berlin.freidenker.org\/index.php?rest_route=\/wp\/v2\/users\/12"}],"replies":[{"embeddable":true,"href":"https:\/\/www.berlin.freidenker.org\/index.php?rest_route=%2Fwp%2Fv2%2Fcomments&post=6918"}],"version-history":[{"count":9,"href":"https:\/\/www.berlin.freidenker.org\/index.php?rest_route=\/wp\/v2\/posts\/6918\/revisions"}],"predecessor-version":[{"id":6935,"href":"https:\/\/www.berlin.freidenker.org\/index.php?rest_route=\/wp\/v2\/posts\/6918\/revisions\/6935"}],"wp:attachment":[{"href":"https:\/\/www.berlin.freidenker.org\/index.php?rest_route=%2Fwp%2Fv2%2Fmedia&parent=6918"}],"wp:term":[{"taxonomy":"category","embeddable":true,"href":"https:\/\/www.berlin.freidenker.org\/index.php?rest_route=%2Fwp%2Fv2%2Fcategories&post=6918"},{"taxonomy":"post_tag","embeddable":true,"href":"https:\/\/www.berlin.freidenker.org\/index.php?rest_route=%2Fwp%2Fv2%2Ftags&post=6918"}],"curies":[{"name":"wp","href":"https:\/\/api.w.org\/{rel}","templated":true}]}}