{"id":6940,"date":"2025-07-08T13:23:32","date_gmt":"2025-07-08T11:23:32","guid":{"rendered":"https:\/\/www.berlin.freidenker.org\/?p=6940"},"modified":"2025-07-08T13:31:08","modified_gmt":"2025-07-08T11:31:08","slug":"loic-ramirez-journalist-bei-le-monde-diplomatique-erfahrungen-in-minsk","status":"publish","type":"post","link":"https:\/\/www.berlin.freidenker.org\/?p=6940","title":{"rendered":"Lo\u00efc Ramirez, Journalist bei Le Monde diplomatique: Erfahrungen in Minsk"},"content":{"rendered":"\r\n<p>Am Dienstag, den 8. Juli wird Lo\u00efc Ramirez, Journalist bei Le Monde diplomatique, um 18 Uhr im Kieztreff Wedding (Stralsunder Str. 6, U 8 Bernauer Stra\u00dfe) \u00fcber seine <strong>Erfahrungen in Minsk<\/strong> referieren, wo er mehr als ein Jahr lebte.<br \/><br \/>Text zum Inhalt seines neuen Buchs \u00fcber Belarus:<br \/><br \/>&#8222;Belarus ist ein atypisches politisches Objekt in Europa. <br \/>Als Hybrid zwischen Sozialismus und Kapitalismus hat es einen gro\u00dfen Teil des sozialen Erbes der UdSSR bewahrt. Denn im Gegensatz zu den anderen L\u00e4ndern, die aus deren Zerschlagung hervorgegangen sind, hat es sich stets geweigert, sich ohne jeden Schutz dem \u201efreien Markt&#8220; zu \u00f6ffnen.<br \/>Genau das macht es f\u00fcr das atlantische Lager, welches Belarus \u00fcber seine verschiedenen Medien, Organisationen und Institutionen buchst\u00e4blich mit Schlamm bedeckt, untragbar, denn es stellt f\u00fcr sie sowohl einen Gewinnausfall als auch eine potenzielle Kontamination dar, die ihre hegemoniale Ordnung anfechten k\u00f6nnte. Wie bei jedem Staat, der sich ihren Interessen nicht beugen will, inszeniert er auch bei den Wahlen in Belarus durchweg Regimewechselversuche (sog. Farbrevolutionen). <br \/>Durch die Instrumentalisierung der neuen Mittelschichten, die vor allem aus den neuen Dienstleistungen hervorgegangen sind und sehr oft von den Sirenen des Westens erobert wurden, und durch die Wiederbelebung von Elementen, die w\u00e4hrend des Gro\u00dfen Vaterl\u00e4ndischen Krieges mit den Nationalsozialisten kollaboriert hatten, versucht das transatlantische Lager regelm\u00e4\u00dfig, einen Rammbock f\u00fcr die Destabilisierung der Regierung zu schaffen.<br \/>Im Falle von Belarus hat sich diese Strategie bislang als unwirksam erwiesen. In einem Land, in dem 25% der Bev\u00f6lkerung von den Nazis vernichtet wurden, hat eine Opposition, welche die Last der Kollaboration mit der SS und der Wehrmacht auf ihren Schultern tr\u00e4gt, einen klaren Nachteil. Dar\u00fcber hinaus stellt die Ukrainisierung von Belarus f\u00fcr die Belarussen heute in keiner Hinsicht eine beneidenswerte Perspektive dar.&#8220;<br \/><br \/>Wir freuen uns auf Deine Teilnahme an der Diskussion.<br \/><br \/>Mit besten Gr\u00fc\u00dfen<br \/>Freidenker Berlin<\/p>\r\n","protected":false},"excerpt":{"rendered":"<p>Am Dienstag, den 8. Juli wird Lo\u00efc Ramirez, Journalist bei Le Monde diplomatique, um 18 Uhr im Kieztreff Wedding (Stralsunder Str. 6, U 8 Bernauer Stra\u00dfe) \u00fcber seine Erfahrungen in Minsk referieren, wo er mehr als ein Jahr lebte. Text zum Inhalt seines neuen Buchs \u00fcber Belarus: &#8222;Belarus ist ein atypisches politisches Objekt in Europa. [&hellip;]<\/p>\n","protected":false},"author":12,"featured_media":0,"comment_status":"closed","ping_status":"closed","sticky":false,"template":"","format":"standard","meta":{"jetpack_post_was_ever_published":false,"_jetpack_newsletter_access":"","_jetpack_dont_email_post_to_subs":false,"_jetpack_newsletter_tier_id":0,"_jetpack_memberships_contains_paywalled_content":false,"_jetpack_memberships_contains_paid_content":false,"footnotes":""},"categories":[1,14,13],"tags":[177,779,463,778],"class_list":["post-6940","post","type-post","status-publish","format-standard","hentry","category-allgemein","category-aktivitaeten-des-dfv-berlin","category-veranstaltungen","tag-belarus","tag-kapitalismus","tag-sozialismus","tag-weissrussland"],"jetpack_featured_media_url":"","jetpack_shortlink":"https:\/\/wp.me\/py5dN-1NW","jetpack_sharing_enabled":true,"_links":{"self":[{"href":"https:\/\/www.berlin.freidenker.org\/index.php?rest_route=\/wp\/v2\/posts\/6940","targetHints":{"allow":["GET"]}}],"collection":[{"href":"https:\/\/www.berlin.freidenker.org\/index.php?rest_route=\/wp\/v2\/posts"}],"about":[{"href":"https:\/\/www.berlin.freidenker.org\/index.php?rest_route=\/wp\/v2\/types\/post"}],"author":[{"embeddable":true,"href":"https:\/\/www.berlin.freidenker.org\/index.php?rest_route=\/wp\/v2\/users\/12"}],"replies":[{"embeddable":true,"href":"https:\/\/www.berlin.freidenker.org\/index.php?rest_route=%2Fwp%2Fv2%2Fcomments&post=6940"}],"version-history":[{"count":4,"href":"https:\/\/www.berlin.freidenker.org\/index.php?rest_route=\/wp\/v2\/posts\/6940\/revisions"}],"predecessor-version":[{"id":6946,"href":"https:\/\/www.berlin.freidenker.org\/index.php?rest_route=\/wp\/v2\/posts\/6940\/revisions\/6946"}],"wp:attachment":[{"href":"https:\/\/www.berlin.freidenker.org\/index.php?rest_route=%2Fwp%2Fv2%2Fmedia&parent=6940"}],"wp:term":[{"taxonomy":"category","embeddable":true,"href":"https:\/\/www.berlin.freidenker.org\/index.php?rest_route=%2Fwp%2Fv2%2Fcategories&post=6940"},{"taxonomy":"post_tag","embeddable":true,"href":"https:\/\/www.berlin.freidenker.org\/index.php?rest_route=%2Fwp%2Fv2%2Ftags&post=6940"}],"curies":[{"name":"wp","href":"https:\/\/api.w.org\/{rel}","templated":true}]}}