{"id":6947,"date":"2025-07-30T16:45:06","date_gmt":"2025-07-30T14:45:06","guid":{"rendered":"https:\/\/www.berlin.freidenker.org\/?p=6947"},"modified":"2025-07-30T16:45:06","modified_gmt":"2025-07-30T14:45:06","slug":"12-august-2025-einladung-zu-referat-mit-diskussion-der-freidenker-berlin","status":"publish","type":"post","link":"https:\/\/www.berlin.freidenker.org\/?p=6947","title":{"rendered":"12. August 2025: Einladung zu Referat mit Diskussion der Freidenker Berlin"},"content":{"rendered":"\r\n<h2><strong>NS-Gr\u00e4ueltaten in Belarus<\/strong><\/h2>\r\n<p><strong>Am Dienstag, 12. August wird um 18 Uhr\u00a0<\/strong><\/p>\r\n<p><strong>Dipl.-\u00d6konom Constantin Pivovarov, Projektleiter des Vereins Integral e.V.<\/strong><\/p>\r\n<p><br \/>\u00fcber die <strong>NS-Gr\u00e4ueltaten in Belarus<\/strong> sprechen<br \/><br \/>und so unsere beim letzten Treffen begonnene Vortragsreihe zum neuen BRICS-Partnerstaat Belarus fortsetzen.<br \/><br \/><br \/><strong>Wo? Im Kieztreff Wedding, Stralsunder Str. 6, U 8 Bernauer Stra\u00dfe<\/strong><br \/><br \/><span style=\"color: #000080;\">Der vom Deutschen Reich geplante Genozid an den V\u00f6lkern der Sowjetunion war von welthistorischem Ausma\u00df: Domenico Losurdo bezeichnete ihn als gr\u00f6\u00dften Kolonialkrieg der Menschheitsgeschichte.<\/span><br \/><br \/><span style=\"color: #000080;\">Ersch\u00fctternd und zugleich kaum bekannt ist hierbei das System spezieller Kinder-KZ-Lager in Belarus, in denen sowjetischen Kindern systematisch Blut entnommen wurde, um es verwundeten Wehrmacht-Soldaten zur \u201eBlutauffrischung\u201c zuzuf\u00fchren.<\/span><br \/><br \/><span style=\"color: #000080;\">Diese Lager waren keine Einzelf\u00e4lle, sondern Ausdruck einer menschenfeindlichen Ideologie, die sowjetische Zivilisten \u2013 insbesondere Kinder \u2013 als biologisches Material menschenunw\u00fcrdig behandelte.<\/span><br \/><br \/><span style=\"color: #000080;\">Diese Gr\u00e4ueltaten geh\u00f6ren zur dunkelsten Seite der europ\u00e4ischen Geschichte von Kolonialismus und Faschismus (deren engen Zusammenhang Domenico Losurdo stets hervorhob) und sollten gegenw\u00e4rtig st\u00e4rker ins europ\u00e4ische Bewusstsein r\u00fccken \u2013 nicht nur als historische Erinnerung, sondern als Mahnung f\u00fcr die Zukunft.<\/span><br \/><br \/><br \/><span style=\"color: #000080;\">Das Team von Integral e.V. und von Deutschland in Dialog mit den Staaten des Globalen S\u00fcdens e.V. koordinierte im Mai und Juni dieses Jahres die zentralen Veranstaltungen anl\u00e4sslich des 80. Jubil\u00e4ums des Sieges der Sowjetunion \u00fcber den deutschen Faschismus.<\/span><br \/><br \/><span style=\"color: #000080;\">Die Veranstaltungen vereinten musikalische Beitr\u00e4ge, Zeitzeugenberichte, Vortr\u00e4ge und Beitr\u00e4ge aus verschiedenen L\u00e4ndern, deren V\u00f6lker im Kampf gegen den Faschismus gemeinsam standen.<\/span><br \/><br \/><span style=\"color: #000080;\">Beide Vereine, in denen Constantin Pivovarov als Vorstandsmitglied engagiert ist, sehen es als ihre Verantwortung, die Erinnerung an diesen historischen, antiimperialistischen Sieg in Eurasien wachzuhalten und gleichzeitig klare Zeichen f\u00fcr Frieden zu setzen.<\/span><br \/><br \/><br \/><span style=\"color: #800000;\">Beste Gr\u00fc\u00dfe<\/span><br \/><span style=\"color: #800000;\">Landesvorstand Freidenker Berlin<\/span><br \/><br \/><a href=\"https:\/\/i0.wp.com\/www.berlin.freidenker.org\/wp-content\/uploads\/2025\/07\/Karte-zur-Wegbeschrbg_Kieztreff-1.jpg?ssl=1\"><img data-recalc-dims=\"1\" loading=\"lazy\" decoding=\"async\" class=\"aligncenter size-medium wp-image-6953\" src=\"https:\/\/i0.wp.com\/www.berlin.freidenker.org\/wp-content\/uploads\/2025\/07\/Karte-zur-Wegbeschrbg_Kieztreff-1.jpg?resize=300%2C260&#038;ssl=1\" alt=\"WEgbeschreibung zum Kieztreff Kartenausschnitt\" width=\"300\" height=\"260\" srcset=\"https:\/\/i0.wp.com\/www.berlin.freidenker.org\/wp-content\/uploads\/2025\/07\/Karte-zur-Wegbeschrbg_Kieztreff-1.jpg?resize=300%2C260&amp;ssl=1 300w, https:\/\/i0.wp.com\/www.berlin.freidenker.org\/wp-content\/uploads\/2025\/07\/Karte-zur-Wegbeschrbg_Kieztreff-1.jpg?resize=768%2C665&amp;ssl=1 768w, https:\/\/i0.wp.com\/www.berlin.freidenker.org\/wp-content\/uploads\/2025\/07\/Karte-zur-Wegbeschrbg_Kieztreff-1.jpg?w=848&amp;ssl=1 848w\" sizes=\"auto, (max-width: 300px) 100vw, 300px\" \/><\/a><\/p>\r\n<p>&nbsp;<\/p>\r\n<p>&nbsp;<\/p>\r\n","protected":false},"excerpt":{"rendered":"<p>NS-Gr\u00e4ueltaten in Belarus Am Dienstag, 12. August wird um 18 Uhr\u00a0 Dipl.-\u00d6konom Constantin Pivovarov, Projektleiter des Vereins Integral e.V. \u00fcber die NS-Gr\u00e4ueltaten in Belarus sprechen und so unsere beim letzten Treffen begonnene Vortragsreihe zum neuen BRICS-Partnerstaat Belarus fortsetzen. Wo? Im Kieztreff Wedding, Stralsunder Str. 6, U 8 Bernauer Stra\u00dfe Der vom Deutschen Reich geplante Genozid [&hellip;]<\/p>\n","protected":false},"author":12,"featured_media":0,"comment_status":"closed","ping_status":"closed","sticky":false,"template":"","format":"standard","meta":{"jetpack_post_was_ever_published":false,"_jetpack_newsletter_access":"","_jetpack_dont_email_post_to_subs":false,"_jetpack_newsletter_tier_id":0,"_jetpack_memberships_contains_paywalled_content":false,"_jetpack_memberships_contains_paid_content":false,"footnotes":""},"categories":[1,14,763,13],"tags":[177,128,129],"class_list":["post-6947","post","type-post","status-publish","format-standard","hentry","category-allgemein","category-aktivitaeten-des-dfv-berlin","category-geschichte","category-veranstaltungen","tag-belarus","tag-faschismus","tag-krieg"],"jetpack_featured_media_url":"","jetpack_shortlink":"https:\/\/wp.me\/py5dN-1O3","jetpack_sharing_enabled":true,"_links":{"self":[{"href":"https:\/\/www.berlin.freidenker.org\/index.php?rest_route=\/wp\/v2\/posts\/6947","targetHints":{"allow":["GET"]}}],"collection":[{"href":"https:\/\/www.berlin.freidenker.org\/index.php?rest_route=\/wp\/v2\/posts"}],"about":[{"href":"https:\/\/www.berlin.freidenker.org\/index.php?rest_route=\/wp\/v2\/types\/post"}],"author":[{"embeddable":true,"href":"https:\/\/www.berlin.freidenker.org\/index.php?rest_route=\/wp\/v2\/users\/12"}],"replies":[{"embeddable":true,"href":"https:\/\/www.berlin.freidenker.org\/index.php?rest_route=%2Fwp%2Fv2%2Fcomments&post=6947"}],"version-history":[{"count":4,"href":"https:\/\/www.berlin.freidenker.org\/index.php?rest_route=\/wp\/v2\/posts\/6947\/revisions"}],"predecessor-version":[{"id":6954,"href":"https:\/\/www.berlin.freidenker.org\/index.php?rest_route=\/wp\/v2\/posts\/6947\/revisions\/6954"}],"wp:attachment":[{"href":"https:\/\/www.berlin.freidenker.org\/index.php?rest_route=%2Fwp%2Fv2%2Fmedia&parent=6947"}],"wp:term":[{"taxonomy":"category","embeddable":true,"href":"https:\/\/www.berlin.freidenker.org\/index.php?rest_route=%2Fwp%2Fv2%2Fcategories&post=6947"},{"taxonomy":"post_tag","embeddable":true,"href":"https:\/\/www.berlin.freidenker.org\/index.php?rest_route=%2Fwp%2Fv2%2Ftags&post=6947"}],"curies":[{"name":"wp","href":"https:\/\/api.w.org\/{rel}","templated":true}]}}