{"id":697,"date":"2011-06-09T15:34:36","date_gmt":"2011-06-09T13:34:36","guid":{"rendered":"http:\/\/www.berlin.freidenker.org\/?p=697"},"modified":"2012-07-08T22:17:59","modified_gmt":"2012-07-08T20:17:59","slug":"syrien-der-beschwerliche-weg-zur-demokratie","status":"publish","type":"post","link":"https:\/\/www.berlin.freidenker.org\/?p=697","title":{"rendered":"Syrien &#8211; der beschwerliche Weg zur Demokratie"},"content":{"rendered":"<p>Im Rahmen unserer &#8222;Berliner Runde &#8211; Freidenker im Gespr\u00e4ch&#8220; sprach am 08.Juni 2011 Dr. Issam Haddad im Club der Volkssolidarit\u00e4t \u00fcber die Hintergr\u00fcnde und Zusammenh\u00e4nge der gegenw\u00e4rtigen Situation in Syrien.<br \/>\nDie Berichterstattung \u00fcber die Proteste in Syrien ist in den hiesigen Mainstreammedien von starker Einseitigkeit gepr\u00e4gt. Unterdessen mehren sich die Anzeichen, dass das westliche Ausland die Geschehnisse in dem geostrategisch wichtigen Nahoststaat massiv in seinem Sinne zu beeinflussen versucht: Nach bekannter Manier sollen mittels Exilaktivisten, ideologischer und logistischer \u201eHilfe\u201c die Demonstrationen in eine den imperialistischen Staaten n\u00fctzliche Richtung gelenkt und ein \u201eRegime Change\u201c herbeigef\u00fchrt werden.<br \/>\nDr. Issam Haddad hat soeben die syrische Hauptstadt Damaskus besucht und dort Gelegenheit gehabt, sich ein Bild von der Lage im Land zu machen sowie mit Vertretern fortschrittlicher Parteien und Organisationen zu sprechen. Er berichtete von seinen Eindr\u00fccken und den Versuchen, Syrien jenseits imperialistischer Einmischungsversuche auf einen demokratischen Weg zu bringen.<\/p>\n<div id=\"attachment_701\" style=\"width: 310px\" class=\"wp-caption aligncenter\"><a rel=\"attachment wp-att-701\" href=\"https:\/\/www.berlin.freidenker.org\/?attachment_id=701\"><img data-recalc-dims=\"1\" loading=\"lazy\" decoding=\"async\" aria-describedby=\"caption-attachment-701\" class=\"size-medium wp-image-701\" title=\"Dr. Issam Haddad\" src=\"https:\/\/i0.wp.com\/www.berlin.freidenker.org\/wp-content\/uploads\/p6080010.jpg?resize=300%2C224&#038;ssl=1\" alt=\"Im Club der Volkssolidarit\u00e4t mit Thomas Bailly\" width=\"300\" height=\"224\" srcset=\"https:\/\/i0.wp.com\/www.berlin.freidenker.org\/wp-content\/uploads\/p6080010.jpg?resize=300%2C224&amp;ssl=1 300w, https:\/\/i0.wp.com\/www.berlin.freidenker.org\/wp-content\/uploads\/p6080010.jpg?resize=1024%2C766&amp;ssl=1 1024w, https:\/\/i0.wp.com\/www.berlin.freidenker.org\/wp-content\/uploads\/p6080010.jpg?w=2000&amp;ssl=1 2000w\" sizes=\"auto, (max-width: 300px) 100vw, 300px\" \/><\/a><p id=\"caption-attachment-701\" class=\"wp-caption-text\">Im Club der Volkssolidarit\u00e4t mit Thomas Bailly<\/p><\/div>\n<p>Dr. Issam Haddad ist Mitglied der KP Libanons und der Pal\u00e4stinensischen Gemeinde Berlin<\/p>\n","protected":false},"excerpt":{"rendered":"<p>Im Rahmen unserer &#8222;Berliner Runde &#8211; Freidenker im Gespr\u00e4ch&#8220; sprach am 08.Juni 2011 Dr. Issam Haddad im Club der Volkssolidarit\u00e4t \u00fcber die Hintergr\u00fcnde und Zusammenh\u00e4nge der gegenw\u00e4rtigen Situation in Syrien. Die Berichterstattung \u00fcber die Proteste in Syrien ist in den hiesigen Mainstreammedien von starker Einseitigkeit gepr\u00e4gt. Unterdessen mehren sich die Anzeichen, dass das westliche Ausland [&hellip;]<\/p>\n","protected":false},"author":4,"featured_media":0,"comment_status":"closed","ping_status":"closed","sticky":false,"template":"","format":"standard","meta":{"jetpack_post_was_ever_published":false,"_jetpack_newsletter_access":"","_jetpack_dont_email_post_to_subs":false,"_jetpack_newsletter_tier_id":0,"_jetpack_memberships_contains_paywalled_content":false,"_jetpack_memberships_contains_paid_content":false,"footnotes":""},"categories":[13],"tags":[],"class_list":["post-697","post","type-post","status-publish","format-standard","hentry","category-veranstaltungen"],"jetpack_featured_media_url":"","jetpack_shortlink":"https:\/\/wp.me\/py5dN-bf","jetpack_sharing_enabled":true,"_links":{"self":[{"href":"https:\/\/www.berlin.freidenker.org\/index.php?rest_route=\/wp\/v2\/posts\/697","targetHints":{"allow":["GET"]}}],"collection":[{"href":"https:\/\/www.berlin.freidenker.org\/index.php?rest_route=\/wp\/v2\/posts"}],"about":[{"href":"https:\/\/www.berlin.freidenker.org\/index.php?rest_route=\/wp\/v2\/types\/post"}],"author":[{"embeddable":true,"href":"https:\/\/www.berlin.freidenker.org\/index.php?rest_route=\/wp\/v2\/users\/4"}],"replies":[{"embeddable":true,"href":"https:\/\/www.berlin.freidenker.org\/index.php?rest_route=%2Fwp%2Fv2%2Fcomments&post=697"}],"version-history":[{"count":10,"href":"https:\/\/www.berlin.freidenker.org\/index.php?rest_route=\/wp\/v2\/posts\/697\/revisions"}],"predecessor-version":[{"id":699,"href":"https:\/\/www.berlin.freidenker.org\/index.php?rest_route=\/wp\/v2\/posts\/697\/revisions\/699"}],"wp:attachment":[{"href":"https:\/\/www.berlin.freidenker.org\/index.php?rest_route=%2Fwp%2Fv2%2Fmedia&parent=697"}],"wp:term":[{"taxonomy":"category","embeddable":true,"href":"https:\/\/www.berlin.freidenker.org\/index.php?rest_route=%2Fwp%2Fv2%2Fcategories&post=697"},{"taxonomy":"post_tag","embeddable":true,"href":"https:\/\/www.berlin.freidenker.org\/index.php?rest_route=%2Fwp%2Fv2%2Ftags&post=697"}],"curies":[{"name":"wp","href":"https:\/\/api.w.org\/{rel}","templated":true}]}}