{"id":6985,"date":"2025-09-12T11:58:31","date_gmt":"2025-09-12T09:58:31","guid":{"rendered":"https:\/\/www.berlin.freidenker.org\/?p=6985"},"modified":"2025-09-12T11:58:31","modified_gmt":"2025-09-12T09:58:31","slug":"freidenker-berlin-im-kieztreff-wedding-veranstaltungshinweis-oktober-2025","status":"publish","type":"post","link":"https:\/\/www.berlin.freidenker.org\/?p=6985","title":{"rendered":"Freidenker Berlin im Kieztreff Wedding:\u00a0 Veranstaltungshinweis OKTOBER 2025"},"content":{"rendered":"<h3><strong>Gina Pietsch: Mikis Theodorakis \u2013 \u201eWeil ich mich Gesetzen nicht beugte\u201c<\/strong><\/h3>\n<p><strong>Veranstaltungshinweis OKTOBER 2025<\/strong><\/p>\n<p>weitere Informationen unter &#8222;Termine &amp; Veranstaltungen&#8220;<\/p>\n<p><strong>Dienstag, 14. Oktober um 18.30 Uhr<\/strong> im Kieztreff Wedding (Stralsunder Str. 6)<\/p>\n<p>Friedensgesang-Soir\u00e9e mit <strong>Gina Pietsch (http:\/\/www.ginapietsch.de\/)<\/strong> anl\u00e4sslich 100. Geburtstag von Mikis Theodorakis<br \/>\n<strong>Mikis Theodorakis \u2013 \u201eWeil ich mich Gesetzen nicht beugte\u201c<\/strong><\/p>\n<p>Zu Mikis Theodorakis wenige Wochen zur\u00fcckliegendem 100. Geburtstag: ein Abend \u00fcber ein Leben in Liedern mit der<\/p>\n<p>S\u00e4ngerin und Schauspielerin Gina Pietsch und Fabio Costa (https:\/\/www.fabiocosta.info\/).<\/p>\n<p>Die Premiere dieser klangm\u00e4chtigen, von der Presse (u.a. Augsburger Zeitung) ger\u00fchmten Friedensmusik-Soir\u00e9e startete vor zwei Dekaden.<\/p>\n<p>Das Programm wird vor Ort ausgeh\u00e4ndigt.<\/p>\n","protected":false},"excerpt":{"rendered":"<p>Gina Pietsch: Mikis Theodorakis \u2013 \u201eWeil ich mich Gesetzen nicht beugte\u201c Veranstaltungshinweis OKTOBER 2025 weitere Informationen unter &#8222;Termine &amp; Veranstaltungen&#8220; Dienstag, 14. Oktober um 18.30 Uhr im Kieztreff Wedding (Stralsunder Str. 6) Friedensgesang-Soir\u00e9e mit Gina Pietsch (http:\/\/www.ginapietsch.de\/) anl\u00e4sslich 100. Geburtstag von Mikis Theodorakis Mikis Theodorakis \u2013 \u201eWeil ich mich Gesetzen nicht beugte\u201c Zu Mikis Theodorakis [&hellip;]<\/p>\n","protected":false},"author":12,"featured_media":0,"comment_status":"closed","ping_status":"closed","sticky":false,"template":"","format":"standard","meta":{"jetpack_post_was_ever_published":false,"_jetpack_newsletter_access":"","_jetpack_dont_email_post_to_subs":false,"_jetpack_newsletter_tier_id":0,"_jetpack_memberships_contains_paywalled_content":false,"_jetpack_memberships_contains_paid_content":false,"footnotes":""},"categories":[1,19,13,764],"tags":[],"class_list":["post-6985","post","type-post","status-publish","format-standard","hentry","category-allgemein","category-kultur","category-veranstaltungen","category-zeitgeschichte"],"jetpack_featured_media_url":"","jetpack_shortlink":"https:\/\/wp.me\/py5dN-1OF","jetpack_sharing_enabled":true,"_links":{"self":[{"href":"https:\/\/www.berlin.freidenker.org\/index.php?rest_route=\/wp\/v2\/posts\/6985","targetHints":{"allow":["GET"]}}],"collection":[{"href":"https:\/\/www.berlin.freidenker.org\/index.php?rest_route=\/wp\/v2\/posts"}],"about":[{"href":"https:\/\/www.berlin.freidenker.org\/index.php?rest_route=\/wp\/v2\/types\/post"}],"author":[{"embeddable":true,"href":"https:\/\/www.berlin.freidenker.org\/index.php?rest_route=\/wp\/v2\/users\/12"}],"replies":[{"embeddable":true,"href":"https:\/\/www.berlin.freidenker.org\/index.php?rest_route=%2Fwp%2Fv2%2Fcomments&post=6985"}],"version-history":[{"count":3,"href":"https:\/\/www.berlin.freidenker.org\/index.php?rest_route=\/wp\/v2\/posts\/6985\/revisions"}],"predecessor-version":[{"id":6988,"href":"https:\/\/www.berlin.freidenker.org\/index.php?rest_route=\/wp\/v2\/posts\/6985\/revisions\/6988"}],"wp:attachment":[{"href":"https:\/\/www.berlin.freidenker.org\/index.php?rest_route=%2Fwp%2Fv2%2Fmedia&parent=6985"}],"wp:term":[{"taxonomy":"category","embeddable":true,"href":"https:\/\/www.berlin.freidenker.org\/index.php?rest_route=%2Fwp%2Fv2%2Fcategories&post=6985"},{"taxonomy":"post_tag","embeddable":true,"href":"https:\/\/www.berlin.freidenker.org\/index.php?rest_route=%2Fwp%2Fv2%2Ftags&post=6985"}],"curies":[{"name":"wp","href":"https:\/\/api.w.org\/{rel}","templated":true}]}}