{"id":7080,"date":"2026-03-09T14:32:23","date_gmt":"2026-03-09T12:32:23","guid":{"rendered":"https:\/\/www.berlin.freidenker.org\/?p=7080"},"modified":"2026-04-10T10:53:35","modified_gmt":"2026-04-10T08:53:35","slug":"vormerken_-14-april-2026","status":"publish","type":"post","link":"https:\/\/www.berlin.freidenker.org\/?p=7080","title":{"rendered":"&#8222;Die patriotische Linke f\u00fcr den Frieden \u2013 Demokratie und Arbeit in einem Europa der Zusammenarbeit zwischen Nationen&#8220;"},"content":{"rendered":"<h2><strong>Vortrag und Diskussion schon um 17:30 Uhr<\/strong><\/h2>\n<h3><strong>14. APRIL 2026 <\/strong><span style=\"color: #ff0000;\">17:30 Uhr<\/span><strong>, Sprechsaal &#8211; Berlin-Mitte &#8211; Marienstr. 26<\/strong><\/h3>\n<p>Der Vorsitzende des italienischen Vereins <em><strong>`Vaterland und Verfassung\u00b4<\/strong><\/em>, <strong><em>Stefano Fassina<\/em><\/strong>, referiert beim n\u00e4chsten Treffen der Berliner Freidenker im <strong>Sprechsaal<\/strong> \u00fcber<br \/>\n`<strong><em>Die patriotische Linke f\u00fcr den Frieden \u2013 Demokratie und Arbeit in einem Europa der Zusammenarbeit zwischen Nationen\u00b4<\/em><\/strong><\/p>\n<h2><strong>Prof. Stefano Fassina 2026<\/strong><\/h2>\n<p><a href=\"https:\/\/i0.wp.com\/www.berlin.freidenker.org\/wp-content\/uploads\/2026\/03\/Foto_Fassina.jpg?ssl=1\"><img data-recalc-dims=\"1\" loading=\"lazy\" decoding=\"async\" class=\"size-medium wp-image-7081 alignleft\" src=\"https:\/\/i0.wp.com\/www.berlin.freidenker.org\/wp-content\/uploads\/2026\/03\/Foto_Fassina.jpg?resize=300%2C179&#038;ssl=1\" alt=\"\" width=\"300\" height=\"179\" srcset=\"https:\/\/i0.wp.com\/www.berlin.freidenker.org\/wp-content\/uploads\/2026\/03\/Foto_Fassina.jpg?resize=300%2C179&amp;ssl=1 300w, https:\/\/i0.wp.com\/www.berlin.freidenker.org\/wp-content\/uploads\/2026\/03\/Foto_Fassina.jpg?resize=1024%2C611&amp;ssl=1 1024w, https:\/\/i0.wp.com\/www.berlin.freidenker.org\/wp-content\/uploads\/2026\/03\/Foto_Fassina.jpg?resize=768%2C458&amp;ssl=1 768w, https:\/\/i0.wp.com\/www.berlin.freidenker.org\/wp-content\/uploads\/2026\/03\/Foto_Fassina.jpg?resize=1536%2C916&amp;ssl=1 1536w, https:\/\/i0.wp.com\/www.berlin.freidenker.org\/wp-content\/uploads\/2026\/03\/Foto_Fassina.jpg?w=1600&amp;ssl=1 1600w\" sizes=\"auto, (max-width: 300px) 100vw, 300px\" \/><\/a>Universit\u00e4ts-Abschlu\u00df in Wirtschafts- und Sozialwissenschaften an der Universit\u00e4t Bocconi in Mailand.<br \/>\nVon 2000 bis 2005 T\u00e4tigkeit beim Internationalem W\u00e4hrungsfonds (IWF).<br \/>\nIm nationalen Sekretariat der Demokratischen Partei Italiens (PD) war er von 2010 bis 2013 f\u00fcr Wirtschaft und Arbeit zust\u00e4ndig.<br \/>\nMitglied der Abgeordnetenkammer Italiens in der 17. und 18. Legislaturperiode von 2013 bis 2022.\u00a0Stellvertretender Minister f\u00fcr Wirtschaft und Finanzen im Kabinett Letta.<br \/>\n2015 verlie\u00df er die PD wegen Abweichungen mit dem damaligen Nationalsekret\u00e4r Matteo Renzi bez\u00fcglich der Reformen des Arbeits- (\u201cJobs Act\u201d) und Schulsystems.<br \/>\n<strong>Er hat 2018 den Verein \u201c<em>Patria e Costituzione<\/em>\u201d<\/strong> (<strong>Vaterland und Verfassung<\/strong>) mitgegr\u00fcndet, dessen Vorsitzender er ist und mit dem er unter anderem in Zusammenarbeit mit der <strong>F\u00fcnf-Sterne-Bewegung<\/strong> (<strong><em>Movimento 5 Stelle<\/em><\/strong>) politische Bildungsaktivit\u00e4ten f\u00f6rdert.<br \/>\nAktuell forscht er in der Wirtschaftsgeschichte an der Universit\u00e4t \u201c<em>Tor Vergata<\/em>\u201d in Rom.<\/p>\n<p>Unter seinen Ver\u00f6ffentlichungen:<\/p>\n<p><em>Il lavoro prima di tutto<\/em> (\u201cDie Arbeit steht an erster Stelle\u201d, Verlag Donzelli, 2011);\u00a0<em>Il mestiere della Sinistra nel ritorno della Politica<\/em>, Nachwort von Mario Tronti (\u201cDie Aufgabe der Linken bei der R\u00fcckkehr der Politik\u201d, Castelvecchi, 2022);\u00a0<em>L\u2019autonomia differenziata fa male anche al Nord <\/em>(\u201cDie differenzierte Autonomie schadet auch dem Norden\u201d, Vorwort von Pier Luigi Bersani, Castelvecchi, 2024).<\/p>\n<p>Liebe Freunde,<br \/>\nMarxisten arbeiteten w\u00e4hrend des ersten imperialistischen Weltkonflikts heraus, wie die Bourgeoisie ihre Kriegsziele mit chauvinistischer Phrase sch\u00f6nf\u00e4rbte: die imaginierte, durch immer neue, koloniale Eroberungsz\u00fcge vergr\u00f6\u00dferte Nation diente diskursiv dem &#8222;<em>milit\u00e4rischen Geist<\/em>&#8220; zur &#8222;<em>Heiligsprechung des Offiziersrocks<\/em>&#8222;, indem propagandistisch das &#8222;<em>Gef\u00fchls- und Fantasieleben exaltiert<\/em>&#8220; wurde (Zitat K. Liebknecht).<\/p>\n<p>Wie sieht das Potenzial f\u00fcr <strong>Frieden <\/strong>durch <strong>wahre Volkssouver\u00e4nit\u00e4t<\/strong> vs. fremdbestimmte EU im komplexen Spannungsfeld von <strong>nationaler Frage <\/strong>und <strong>Klassenbewusstein<\/strong> gegenw\u00e4rtig in Italien und Deutschland aus?<\/p>\n<p>Deutsche ehemalige Minister haben zuletzt durch pomp\u00f6s-reaktion\u00e4re Auftritte gegl\u00e4nzt wie etwa Annalena Baerbock, die bei einem Gipfeltreffen \u00e0 la Marie Antoinette verlautbarte, dass Brasilien der &#8222;Preis f\u00fcr Reis und Bohnen&#8220; wichtiger sei als Ukraine-Aufr\u00fcstung.<\/p>\n<p>Der fr\u00fchere italienische Minister Fassina hingegen steht mit beiden Beinen fest auf eurasischem Boden und durchschaut die organischen wie kulturellen Zusammenh\u00e4nge von Mensch, Nation, Natur und Arbeit im politischen, <strong>sp\u00e4tmodernen Gemeinwesen<\/strong>, dessen staatliche wie \u00f6konomische Architektur unter Einwirkung der \u00dcberakkumulationskrise ins Wanken zu geraten scheint.<\/p>\n<p>Im Strudel des derzeitigen universal-kapitalistischen Kataklysmus beschleunigt die westliche Projizierung des kollektiven Schattens sich erneut gegen Feindbilder vermeintlich unzivilisierter V\u00f6lker des Ostens: Am 3. Dezember 2025 strich Kiew die russische Sprache aus der f\u00fcr das ukrainische Territorium anzuwendenden <em>Liste der Europ\u00e4ischen Charta gesch\u00fctzter Regional- und Minderheitensprachen<\/em>!<\/p>\n<p>Diego Guardiani, Mitglied des Vorstands der Berliner Freidenker, \u00fcbertr\u00e4gt das Referat konsekutiv ins Deutsche und \u00fcbersetzt Fragen ins Italienische. Diskussion im Anschluss an das Referat: in Deutsch, Italienisch und ggf. Englisch. <strong>Eintritt frei<\/strong>, Spende gern gesehen.<\/p>\n<p>Wir freuen uns auf eine kontroverse Diskussion,<\/p>\n<p>herzliche Gr\u00fc\u00dfe<\/p>\n<p>Euer Landesvorstand Freidenker Berlin<\/p>\n<p>ANREISE( zur Vergr\u00f6\u00dferung auf das Bild klicken):<\/p>\n<div id=\"attachment_7088\" style=\"width: 357px\" class=\"wp-caption alignleft\"><a href=\"https:\/\/i0.wp.com\/www.berlin.freidenker.org\/wp-content\/uploads\/2026\/03\/Karte-Sprechsaal.jpg?ssl=1\"><img data-recalc-dims=\"1\" loading=\"lazy\" decoding=\"async\" aria-describedby=\"caption-attachment-7088\" class=\" wp-image-7088\" src=\"https:\/\/i0.wp.com\/www.berlin.freidenker.org\/wp-content\/uploads\/2026\/03\/Karte-Sprechsaal.jpg?resize=347%2C238&#038;ssl=1\" alt=\"\" width=\"347\" height=\"238\" srcset=\"https:\/\/i0.wp.com\/www.berlin.freidenker.org\/wp-content\/uploads\/2026\/03\/Karte-Sprechsaal.jpg?resize=300%2C206&amp;ssl=1 300w, https:\/\/i0.wp.com\/www.berlin.freidenker.org\/wp-content\/uploads\/2026\/03\/Karte-Sprechsaal.jpg?resize=768%2C528&amp;ssl=1 768w, https:\/\/i0.wp.com\/www.berlin.freidenker.org\/wp-content\/uploads\/2026\/03\/Karte-Sprechsaal.jpg?w=800&amp;ssl=1 800w\" sizes=\"auto, (max-width: 347px) 100vw, 347px\" \/><\/a><p id=\"caption-attachment-7088\" class=\"wp-caption-text\">Karte Umgebung Sprechsaal<\/p><\/div>\n<p>Mit der S-Bahn bis Friedrichstra\u00dfe, Hinterausgang, \u00fcber die Albrechtstra\u00dfe vorbei an der &#8222;St\u00e4ndigen Vertretung&#8220; am Schiffbauer Damm ca. 150 m, dann links in die Marienstra\u00dfe&#8230;<\/p>\n","protected":false},"excerpt":{"rendered":"<p>Vortrag und Diskussion schon um 17:30 Uhr 14. APRIL 2026 17:30 Uhr, Sprechsaal &#8211; Berlin-Mitte &#8211; Marienstr. 26 Der Vorsitzende des italienischen Vereins `Vaterland und Verfassung\u00b4, Stefano Fassina, referiert beim n\u00e4chsten Treffen der Berliner Freidenker im Sprechsaal \u00fcber `Die patriotische Linke f\u00fcr den Frieden \u2013 Demokratie und Arbeit in einem Europa der Zusammenarbeit zwischen Nationen\u00b4 [&hellip;]<\/p>\n","protected":false},"author":12,"featured_media":0,"comment_status":"closed","ping_status":"closed","sticky":false,"template":"","format":"standard","meta":{"jetpack_post_was_ever_published":false,"_jetpack_newsletter_access":"","_jetpack_dont_email_post_to_subs":false,"_jetpack_newsletter_tier_id":0,"_jetpack_memberships_contains_paywalled_content":false,"_jetpack_memberships_contains_paid_content":false,"footnotes":""},"categories":[14,47,21,13],"tags":[269,780],"class_list":["post-7080","post","type-post","status-publish","format-standard","hentry","category-aktivitaeten-des-dfv-berlin","category-nation","category-politik","category-veranstaltungen","tag-eu","tag-souverainitaet"],"jetpack_featured_media_url":"","jetpack_shortlink":"https:\/\/wp.me\/py5dN-1Qc","jetpack_sharing_enabled":true,"_links":{"self":[{"href":"https:\/\/www.berlin.freidenker.org\/index.php?rest_route=\/wp\/v2\/posts\/7080","targetHints":{"allow":["GET"]}}],"collection":[{"href":"https:\/\/www.berlin.freidenker.org\/index.php?rest_route=\/wp\/v2\/posts"}],"about":[{"href":"https:\/\/www.berlin.freidenker.org\/index.php?rest_route=\/wp\/v2\/types\/post"}],"author":[{"embeddable":true,"href":"https:\/\/www.berlin.freidenker.org\/index.php?rest_route=\/wp\/v2\/users\/12"}],"replies":[{"embeddable":true,"href":"https:\/\/www.berlin.freidenker.org\/index.php?rest_route=%2Fwp%2Fv2%2Fcomments&post=7080"}],"version-history":[{"count":7,"href":"https:\/\/www.berlin.freidenker.org\/index.php?rest_route=\/wp\/v2\/posts\/7080\/revisions"}],"predecessor-version":[{"id":7096,"href":"https:\/\/www.berlin.freidenker.org\/index.php?rest_route=\/wp\/v2\/posts\/7080\/revisions\/7096"}],"wp:attachment":[{"href":"https:\/\/www.berlin.freidenker.org\/index.php?rest_route=%2Fwp%2Fv2%2Fmedia&parent=7080"}],"wp:term":[{"taxonomy":"category","embeddable":true,"href":"https:\/\/www.berlin.freidenker.org\/index.php?rest_route=%2Fwp%2Fv2%2Fcategories&post=7080"},{"taxonomy":"post_tag","embeddable":true,"href":"https:\/\/www.berlin.freidenker.org\/index.php?rest_route=%2Fwp%2Fv2%2Ftags&post=7080"}],"curies":[{"name":"wp","href":"https:\/\/api.w.org\/{rel}","templated":true}]}}