{"id":728,"date":"2011-08-14T12:09:56","date_gmt":"2011-08-14T10:09:56","guid":{"rendered":"http:\/\/www.berlin.freidenker.org\/?p=728"},"modified":"2012-07-08T22:17:40","modified_gmt":"2012-07-08T20:17:40","slug":"der-papst-kommt","status":"publish","type":"post","link":"https:\/\/www.berlin.freidenker.org\/?p=728","title":{"rendered":"Der Papst kommt!"},"content":{"rendered":"<p>Im September besucht Papst Benedikt XVI. Deutschland. W\u00e4hrend von den im Bundestag vertretenen Parteien kaum Kritik zu h\u00f6ren ist, hat sich in Berlin ein B\u00fcndnis von mehreren Dutzend Organisationen zusammengefunden, das Protest gegen den Auftritt des autokratischen Religionsf\u00fchrers artikulieren wird.<\/p>\n<p><a href=\"http:\/\/derpapstkommt.lsvd.de\/?page_id=347\">Die Organisationen findest Du hier:<\/a><\/p>\n<p>Im Zentrum der Kritik steht die &#8222;menschenfeindliche Geschlechter- und Sexualpolitik&#8220; des Papstes, doch auch seine demokratiefeindlichen All\u00fcren (&#8222;Diktatur des Relativismus&#8220;) und die Rehabilation der Pius-Br\u00fcder finden Erw\u00e4hnung. Die Positionen sind in einer Resolution formuliert, die im Internet unterzeichnet werden kann.<\/p>\n<p>Neben der Demonstration am 22.September 2011 wird es zahlreiche Informationsveranstaltungen geben. Die Termine finden sich auf der Webseite des B\u00fcndnisses:<br \/>\n<a href=\"http:\/\/derpapstkommt.lsvd.de\/?page_id=7\">Der Papst kommt!<\/a><\/p>\n<p><a rel=\"attachment wp-att-725\" href=\"https:\/\/www.berlin.freidenker.org\/?attachment_id=725\"><\/a><a rel=\"attachment wp-att-724\" href=\"https:\/\/www.berlin.freidenker.org\/?attachment_id=724\"><\/a><a rel=\"attachment wp-att-724\" href=\"https:\/\/www.berlin.freidenker.org\/?attachment_id=724\"><img data-recalc-dims=\"1\" loading=\"lazy\" decoding=\"async\" class=\"alignnone size-medium wp-image-724\" title=\"denkpause_bild\" src=\"https:\/\/i0.wp.com\/www.berlin.freidenker.org\/wp-content\/uploads\/denkpause_bild.jpg?resize=300%2C224&#038;ssl=1\" alt=\"denkpause_bild\" width=\"300\" height=\"224\" srcset=\"https:\/\/i0.wp.com\/www.berlin.freidenker.org\/wp-content\/uploads\/denkpause_bild.jpg?resize=300%2C224&amp;ssl=1 300w, https:\/\/i0.wp.com\/www.berlin.freidenker.org\/wp-content\/uploads\/denkpause_bild.jpg?resize=1024%2C766&amp;ssl=1 1024w, https:\/\/i0.wp.com\/www.berlin.freidenker.org\/wp-content\/uploads\/denkpause_bild.jpg?w=2000&amp;ssl=1 2000w\" sizes=\"auto, (max-width: 300px) 100vw, 300px\" \/><\/a><a rel=\"attachment wp-att-725\" href=\"https:\/\/www.berlin.freidenker.org\/?attachment_id=725\"><img data-recalc-dims=\"1\" loading=\"lazy\" decoding=\"async\" class=\"alignnone size-medium wp-image-725\" title=\"denkpause_frei\" src=\"https:\/\/i0.wp.com\/www.berlin.freidenker.org\/wp-content\/uploads\/denkpause_frei.jpg?resize=279%2C224&#038;ssl=1\" alt=\"denkpause_frei\" width=\"279\" height=\"224\" srcset=\"https:\/\/i0.wp.com\/www.berlin.freidenker.org\/wp-content\/uploads\/denkpause_frei.jpg?resize=300%2C240&amp;ssl=1 300w, https:\/\/i0.wp.com\/www.berlin.freidenker.org\/wp-content\/uploads\/denkpause_frei.jpg?resize=1024%2C819&amp;ssl=1 1024w, https:\/\/i0.wp.com\/www.berlin.freidenker.org\/wp-content\/uploads\/denkpause_frei.jpg?w=1280&amp;ssl=1 1280w\" sizes=\"auto, (max-width: 279px) 100vw, 279px\" \/><\/a><a rel=\"attachment wp-att-726\" href=\"https:\/\/www.berlin.freidenker.org\/?attachment_id=726\"><img data-recalc-dims=\"1\" loading=\"lazy\" decoding=\"async\" class=\"alignnone size-full wp-image-726\" title=\"denkpause_gottschalk\" src=\"https:\/\/i0.wp.com\/www.berlin.freidenker.org\/wp-content\/uploads\/denkpause_gottschalk.jpg?resize=282%2C226&#038;ssl=1\" alt=\"denkpause_gottschalk\" width=\"282\" height=\"226\" \/><\/a><br \/>\n<a rel=\"attachment wp-att-725\" href=\"https:\/\/www.berlin.freidenker.org\/?attachment_id=725\"><br \/>\n<\/a><br \/>\n<a rel=\"attachment wp-att-726\" href=\"https:\/\/www.berlin.freidenker.org\/?attachment_id=726\"><br \/>\n<\/a><\/p>\n","protected":false},"excerpt":{"rendered":"<p>Im September besucht Papst Benedikt XVI. Deutschland. W\u00e4hrend von den im Bundestag vertretenen Parteien kaum Kritik zu h\u00f6ren ist, hat sich in Berlin ein B\u00fcndnis von mehreren Dutzend Organisationen zusammengefunden, das Protest gegen den Auftritt des autokratischen Religionsf\u00fchrers artikulieren wird. Die Organisationen findest Du hier: Im Zentrum der Kritik steht die &#8222;menschenfeindliche Geschlechter- und Sexualpolitik&#8220; [&hellip;]<\/p>\n","protected":false},"author":4,"featured_media":0,"comment_status":"closed","ping_status":"closed","sticky":false,"template":"","format":"standard","meta":{"jetpack_post_was_ever_published":false,"_jetpack_newsletter_access":"","_jetpack_dont_email_post_to_subs":false,"_jetpack_newsletter_tier_id":0,"_jetpack_memberships_contains_paywalled_content":false,"_jetpack_memberships_contains_paid_content":false,"footnotes":""},"categories":[13],"tags":[],"class_list":["post-728","post","type-post","status-publish","format-standard","hentry","category-veranstaltungen"],"jetpack_featured_media_url":"","jetpack_shortlink":"https:\/\/wp.me\/py5dN-bK","jetpack_sharing_enabled":true,"_links":{"self":[{"href":"https:\/\/www.berlin.freidenker.org\/index.php?rest_route=\/wp\/v2\/posts\/728","targetHints":{"allow":["GET"]}}],"collection":[{"href":"https:\/\/www.berlin.freidenker.org\/index.php?rest_route=\/wp\/v2\/posts"}],"about":[{"href":"https:\/\/www.berlin.freidenker.org\/index.php?rest_route=\/wp\/v2\/types\/post"}],"author":[{"embeddable":true,"href":"https:\/\/www.berlin.freidenker.org\/index.php?rest_route=\/wp\/v2\/users\/4"}],"replies":[{"embeddable":true,"href":"https:\/\/www.berlin.freidenker.org\/index.php?rest_route=%2Fwp%2Fv2%2Fcomments&post=728"}],"version-history":[{"count":8,"href":"https:\/\/www.berlin.freidenker.org\/index.php?rest_route=\/wp\/v2\/posts\/728\/revisions"}],"predecessor-version":[{"id":1041,"href":"https:\/\/www.berlin.freidenker.org\/index.php?rest_route=\/wp\/v2\/posts\/728\/revisions\/1041"}],"wp:attachment":[{"href":"https:\/\/www.berlin.freidenker.org\/index.php?rest_route=%2Fwp%2Fv2%2Fmedia&parent=728"}],"wp:term":[{"taxonomy":"category","embeddable":true,"href":"https:\/\/www.berlin.freidenker.org\/index.php?rest_route=%2Fwp%2Fv2%2Fcategories&post=728"},{"taxonomy":"post_tag","embeddable":true,"href":"https:\/\/www.berlin.freidenker.org\/index.php?rest_route=%2Fwp%2Fv2%2Ftags&post=728"}],"curies":[{"name":"wp","href":"https:\/\/api.w.org\/{rel}","templated":true}]}}