{"id":749,"date":"2011-09-14T12:06:50","date_gmt":"2011-09-14T10:06:50","guid":{"rendered":"http:\/\/www.berlin.freidenker.org\/?p=749"},"modified":"2012-07-08T22:17:15","modified_gmt":"2012-07-08T20:17:15","slug":"gottloses-land-in-pfarrers-hand","status":"publish","type":"post","link":"https:\/\/www.berlin.freidenker.org\/?p=749","title":{"rendered":"Gottloses Land in Pfarrers Hand"},"content":{"rendered":"<p>Unter dieser \u00dcberschrift ver\u00f6ffentlichte die Tageszeitung\u00a0 Neues Deutschland in ihrer Ausgabe vom 13.09.2011 folgenden Artikel:<\/p>\n<p>&#8222;In der Th\u00fcringer LINKEN verlangen Laizisten, dass die Kirchen nicht l\u00e4nger priviligiert werden.<\/p>\n<p>Die neu gegr\u00fcndete LAG setzt sich f\u00fcr eine klare Trennung der Religionen  und Weltanschauungen vom Staat ein. Sie betrachtet das religi\u00f6se  Bekenntnis und dessen Aus\u00fcbung als \u00bbindividuelles Freiheitsrecht in der  Verantwortung des Individuums\u00ab und wendet sich \u00bbgegen jede  Privilegierung und Diskriminierung von Religions- und  Weltanschauungsgemeinschaften\u00ab. Wie ihr Sprecher Siegfried Krebs  (Weimar) am Montag auf ND-Anfrage best\u00e4tigte, z\u00e4hlt die LAG bereits 23  eingetragene Mitglieder aus sechs Kreisverb\u00e4nden im Freistaat. Die  Teilnahme an einer Kundgebung gegen den Papstbesuch Ende n\u00e4chster Woche  in Erfurt wird ihre erste \u00f6ffentliche Aktion sein. Auch beim  bevorstehenden Landesparteitag der Th\u00fcringer LINKEN in S\u00f6mmerda will der  Kreis f\u00fcr seine Ziele werben. Eigene Veranstaltungen sind f\u00fcr 2012  geplant.&#8220;<\/p>\n<p><a href=\"http:\/\/www.neues-deutschland.de\/artikel\/206582.gottloses-land-in-pfarrers-hand.html?sstr=Gottloses|Land|Pfarrers|Hand\">Den Artikel im ND weiterlesen:<\/a><\/p>\n","protected":false},"excerpt":{"rendered":"<p>Unter dieser \u00dcberschrift ver\u00f6ffentlichte die Tageszeitung\u00a0 Neues Deutschland in ihrer Ausgabe vom 13.09.2011 folgenden Artikel: &#8222;In der Th\u00fcringer LINKEN verlangen Laizisten, dass die Kirchen nicht l\u00e4nger priviligiert werden. Die neu gegr\u00fcndete LAG setzt sich f\u00fcr eine klare Trennung der Religionen und Weltanschauungen vom Staat ein. Sie betrachtet das religi\u00f6se Bekenntnis und dessen Aus\u00fcbung als \u00bbindividuelles [&hellip;]<\/p>\n","protected":false},"author":4,"featured_media":0,"comment_status":"closed","ping_status":"closed","sticky":false,"template":"","format":"standard","meta":{"jetpack_post_was_ever_published":false,"_jetpack_newsletter_access":"","_jetpack_dont_email_post_to_subs":false,"_jetpack_newsletter_tier_id":0,"_jetpack_memberships_contains_paywalled_content":false,"_jetpack_memberships_contains_paid_content":false,"footnotes":""},"categories":[1],"tags":[],"class_list":["post-749","post","type-post","status-publish","format-standard","hentry","category-allgemein"],"jetpack_featured_media_url":"","jetpack_shortlink":"https:\/\/wp.me\/py5dN-c5","jetpack_sharing_enabled":true,"_links":{"self":[{"href":"https:\/\/www.berlin.freidenker.org\/index.php?rest_route=\/wp\/v2\/posts\/749","targetHints":{"allow":["GET"]}}],"collection":[{"href":"https:\/\/www.berlin.freidenker.org\/index.php?rest_route=\/wp\/v2\/posts"}],"about":[{"href":"https:\/\/www.berlin.freidenker.org\/index.php?rest_route=\/wp\/v2\/types\/post"}],"author":[{"embeddable":true,"href":"https:\/\/www.berlin.freidenker.org\/index.php?rest_route=\/wp\/v2\/users\/4"}],"replies":[{"embeddable":true,"href":"https:\/\/www.berlin.freidenker.org\/index.php?rest_route=%2Fwp%2Fv2%2Fcomments&post=749"}],"version-history":[{"count":4,"href":"https:\/\/www.berlin.freidenker.org\/index.php?rest_route=\/wp\/v2\/posts\/749\/revisions"}],"predecessor-version":[{"id":1039,"href":"https:\/\/www.berlin.freidenker.org\/index.php?rest_route=\/wp\/v2\/posts\/749\/revisions\/1039"}],"wp:attachment":[{"href":"https:\/\/www.berlin.freidenker.org\/index.php?rest_route=%2Fwp%2Fv2%2Fmedia&parent=749"}],"wp:term":[{"taxonomy":"category","embeddable":true,"href":"https:\/\/www.berlin.freidenker.org\/index.php?rest_route=%2Fwp%2Fv2%2Fcategories&post=749"},{"taxonomy":"post_tag","embeddable":true,"href":"https:\/\/www.berlin.freidenker.org\/index.php?rest_route=%2Fwp%2Fv2%2Ftags&post=749"}],"curies":[{"name":"wp","href":"https:\/\/api.w.org\/{rel}","templated":true}]}}