{"id":762,"date":"2011-09-21T11:53:58","date_gmt":"2011-09-21T09:53:58","guid":{"rendered":"http:\/\/www.berlin.freidenker.org\/?p=762"},"modified":"2012-07-08T22:17:30","modified_gmt":"2012-07-08T20:17:30","slug":"wie-ernst-nehmen-bundesgerichtshof-und-bundestagsprasident-das-grundgesetz","status":"publish","type":"post","link":"https:\/\/www.berlin.freidenker.org\/?p=762","title":{"rendered":"Wie ernst nehmen Bundesgerichtshof und Bundestagspr\u00e4sident das Grundgesetz?"},"content":{"rendered":"<h2>Unter dieser \u00dcberschrift ver\u00f6ffentlichte das B\u00fcndnis f\u00fcr Soziale Gerchtigkeit und Menschenw\u00fcrde e.V. eine Erkl\u00e4rung zum Papstbesuch in Deutschland<\/h2>\n<p>Papst Benedikt der XVI. wurde vom Bundestagspr\u00e4sidenten eingeladen, am 22.09.2011, im Deutschen Bundestag zu sprechen und vom Priesterseminar Freiburg\/Breisgau, am 24.09.2011 die 16 Richterinnen und Richter des Bundesverfassungsgerichts zu empfangen.<br \/>\nAus dem Grundgesetz der Bundesrepublik Deutschland ist der Grundsatz der Trennung von Staat und Kirche Art. 4 Abs. 1 (Religions- und Weltanschauungsfreiheit als unverletzliches Grundrecht), Art. 3 Abs. 3 \/ Art. 33 Abs. 3 (Indifferenzgebot), Art. 137 Abs. 1 RV 1919 in Verbindung mit Art. 140 GG (Verbot der Staatskirche), Art. 137 Abs. 3 in Verbindung mit Art. 140 GG (kirchliches Selbstbestimmungsrecht) zu beachten.<br \/>\nDieser ist vom Bundesverfassungsgericht wie folgt formuliert worden: \u201edem Staat als Heimstatt aller Staatsb\u00fcrger ohne Ansehen der Person ist durch das<br \/>\nGrundgesetz weltanschaulich-religi\u00f6se Neutralit\u00e4t auferlegt.\u201c Es verwehrt die Einf\u00fchrung staatskirchlicher Rechtsformen und untersagt auch die Privilegierung bestimmter<br \/>\nBekenntnisse.<br \/>\n<a href='https:\/\/www.berlin.freidenker.org\/wp-content\/uploads\/erklarung-zu-papstbesuch.pdf'>erklarung-zu-papstbesuch<\/a><\/p>\n","protected":false},"excerpt":{"rendered":"<p>Unter dieser \u00dcberschrift ver\u00f6ffentlichte das B\u00fcndnis f\u00fcr Soziale Gerchtigkeit und Menschenw\u00fcrde e.V. eine Erkl\u00e4rung zum Papstbesuch in Deutschland Papst Benedikt der XVI. wurde vom Bundestagspr\u00e4sidenten eingeladen, am 22.09.2011, im Deutschen Bundestag zu sprechen und vom Priesterseminar Freiburg\/Breisgau, am 24.09.2011 die 16 Richterinnen und Richter des Bundesverfassungsgerichts zu empfangen. Aus dem Grundgesetz der Bundesrepublik Deutschland ist [&hellip;]<\/p>\n","protected":false},"author":4,"featured_media":0,"comment_status":"open","ping_status":"closed","sticky":false,"template":"","format":"standard","meta":{"jetpack_post_was_ever_published":false,"_jetpack_newsletter_access":"","_jetpack_dont_email_post_to_subs":false,"_jetpack_newsletter_tier_id":0,"_jetpack_memberships_contains_paywalled_content":false,"_jetpack_memberships_contains_paid_content":false,"footnotes":""},"categories":[8],"tags":[],"class_list":["post-762","post","type-post","status-publish","format-standard","hentry","category-standpunkte"],"jetpack_featured_media_url":"","jetpack_shortlink":"https:\/\/wp.me\/py5dN-ci","jetpack_sharing_enabled":true,"_links":{"self":[{"href":"https:\/\/www.berlin.freidenker.org\/index.php?rest_route=\/wp\/v2\/posts\/762","targetHints":{"allow":["GET"]}}],"collection":[{"href":"https:\/\/www.berlin.freidenker.org\/index.php?rest_route=\/wp\/v2\/posts"}],"about":[{"href":"https:\/\/www.berlin.freidenker.org\/index.php?rest_route=\/wp\/v2\/types\/post"}],"author":[{"embeddable":true,"href":"https:\/\/www.berlin.freidenker.org\/index.php?rest_route=\/wp\/v2\/users\/4"}],"replies":[{"embeddable":true,"href":"https:\/\/www.berlin.freidenker.org\/index.php?rest_route=%2Fwp%2Fv2%2Fcomments&post=762"}],"version-history":[{"count":5,"href":"https:\/\/www.berlin.freidenker.org\/index.php?rest_route=\/wp\/v2\/posts\/762\/revisions"}],"predecessor-version":[{"id":1040,"href":"https:\/\/www.berlin.freidenker.org\/index.php?rest_route=\/wp\/v2\/posts\/762\/revisions\/1040"}],"wp:attachment":[{"href":"https:\/\/www.berlin.freidenker.org\/index.php?rest_route=%2Fwp%2Fv2%2Fmedia&parent=762"}],"wp:term":[{"taxonomy":"category","embeddable":true,"href":"https:\/\/www.berlin.freidenker.org\/index.php?rest_route=%2Fwp%2Fv2%2Fcategories&post=762"},{"taxonomy":"post_tag","embeddable":true,"href":"https:\/\/www.berlin.freidenker.org\/index.php?rest_route=%2Fwp%2Fv2%2Ftags&post=762"}],"curies":[{"name":"wp","href":"https:\/\/api.w.org\/{rel}","templated":true}]}}