{"id":808,"date":"2011-10-06T18:25:11","date_gmt":"2011-10-06T16:25:11","guid":{"rendered":"http:\/\/www.berlin.freidenker.org\/?p=808"},"modified":"2012-07-08T22:15:41","modified_gmt":"2012-07-08T20:15:41","slug":"der-papst-in-deutschland-eine-nachlese","status":"publish","type":"post","link":"https:\/\/www.berlin.freidenker.org\/?p=808","title":{"rendered":"Der Papst in Deutschland &#8211; Eine &#8222;Nachlese&#8220;"},"content":{"rendered":"<p>Au\u00dfer Spesen nichts\u00a0 gewesen? Diese Frage kann man mit einem eindeutigen Ja beantworten.<br \/>\n&#8222;Nach der gro\u00dfen Erwartungshaltung, die durch die R\u00f6mische Kurie und ihren deutschen Stadthaltern, den Medien und fr\u00f6mmelnden Politikern gen\u00e4hrt wurde, ist Ern\u00fcchterung eingetreten.<br \/>\nUns Freidenker kann das Ergebnis nicht \u00fcberraschen. Doch m\u00f6chte ich auf bestimmte Punkte aufmerksam machen, die die \u00d6ffentlichkeit so deutlich nicht von bestimmten Medien erfahren hat.<br \/>\n<!--more--><br \/>\nDa w\u00e4re zum einen\u00a0 die Absage an ein \u201e\u00f6kumenisches Gastgeschenk\u201c,\u00a0 noch einen Hinweis auf die Zulassung wiederverheirateter geschiedener Katholiken zur Kommunion. Von anderen Utopien wie Frauenordination oder Priesterehen ganz zu schweigen.<br \/>\nUnmissverst\u00e4ndlich sagte er: \u201eAu\u00dferhalb der Kirche kein Heil\u201c Und die Kirche ist der Papst. Der \u201eSonnenk\u00f6nig\u201c l\u00e4sst gr\u00fc\u00dfen.<br \/>\nSignale gab es. Vom deutschen Staat und seinen Verfassungsorganen. Falsche.<br \/>\nSo wurde wieder \u00fcberdeutlich die Verfilzung von Staat und Kirchen, von Politik und Religion. So mu\u00df sich die Bundeskanzlerin in den Sitz der Deutschen Bischofskonferenz begeben, um dort von einem Kirchenf\u00fcrsten empfangen zu werden!<br \/>\nDie Bundesverfassungsrichter, zu strikter religionspolitischer Neutralit\u00e4t verpflichtet, pilgern gar in ein Priesterseminar, wo sie einem absoluten Monarchen aufwarten.<br \/>\nDas interreligi\u00f6se katholisch-j\u00fcdische Treffen fand im Haus des s\u00e4kularen deutschen Parlaments statt.&#8220;<\/p>\n<p><strong><em>Sie haben dies alles nicht gewusst? Sie haben diese Informationen nicht in ihrer Zeitung mit den \u201egro\u00dfen Buchstaben\u201c gelesen?<br \/>\nSie h\u00e4tte es lesen k\u00f6nnen! In Zeitungen mit &#8222;kleinen Buchstaben&#8220; finden sie dies und noch mehr! Es gibt sie!<br \/>\nSchauen sie doch einfach mal vorbei:<\/em><\/strong><\/p>\n<p><a href=\"http:\/\/www.neues-deutschland.de\/artikel\/207607.reine-leere.html?sstr=Reine|Leere\">neue deutschland<\/a><\/p>\n<p><a href=\"http:\/\/www.jungewelt.de\/2011\/09-28\/011.php?sstr=Papst\">junge welt<\/a><\/p>\n","protected":false},"excerpt":{"rendered":"<p>Au\u00dfer Spesen nichts\u00a0 gewesen? Diese Frage kann man mit einem eindeutigen Ja beantworten. &#8222;Nach der gro\u00dfen Erwartungshaltung, die durch die R\u00f6mische Kurie und ihren deutschen Stadthaltern, den Medien und fr\u00f6mmelnden Politikern gen\u00e4hrt wurde, ist Ern\u00fcchterung eingetreten. Uns Freidenker kann das Ergebnis nicht \u00fcberraschen. Doch m\u00f6chte ich auf bestimmte Punkte aufmerksam machen, die die \u00d6ffentlichkeit so [&hellip;]<\/p>\n","protected":false},"author":4,"featured_media":0,"comment_status":"closed","ping_status":"closed","sticky":false,"template":"","format":"standard","meta":{"jetpack_post_was_ever_published":false,"_jetpack_newsletter_access":"","_jetpack_dont_email_post_to_subs":false,"_jetpack_newsletter_tier_id":0,"_jetpack_memberships_contains_paywalled_content":false,"_jetpack_memberships_contains_paid_content":false,"footnotes":""},"categories":[8],"tags":[],"class_list":["post-808","post","type-post","status-publish","format-standard","hentry","category-standpunkte"],"jetpack_featured_media_url":"","jetpack_shortlink":"https:\/\/wp.me\/py5dN-d2","jetpack_sharing_enabled":true,"_links":{"self":[{"href":"https:\/\/www.berlin.freidenker.org\/index.php?rest_route=\/wp\/v2\/posts\/808","targetHints":{"allow":["GET"]}}],"collection":[{"href":"https:\/\/www.berlin.freidenker.org\/index.php?rest_route=\/wp\/v2\/posts"}],"about":[{"href":"https:\/\/www.berlin.freidenker.org\/index.php?rest_route=\/wp\/v2\/types\/post"}],"author":[{"embeddable":true,"href":"https:\/\/www.berlin.freidenker.org\/index.php?rest_route=\/wp\/v2\/users\/4"}],"replies":[{"embeddable":true,"href":"https:\/\/www.berlin.freidenker.org\/index.php?rest_route=%2Fwp%2Fv2%2Fcomments&post=808"}],"version-history":[{"count":8,"href":"https:\/\/www.berlin.freidenker.org\/index.php?rest_route=\/wp\/v2\/posts\/808\/revisions"}],"predecessor-version":[{"id":1033,"href":"https:\/\/www.berlin.freidenker.org\/index.php?rest_route=\/wp\/v2\/posts\/808\/revisions\/1033"}],"wp:attachment":[{"href":"https:\/\/www.berlin.freidenker.org\/index.php?rest_route=%2Fwp%2Fv2%2Fmedia&parent=808"}],"wp:term":[{"taxonomy":"category","embeddable":true,"href":"https:\/\/www.berlin.freidenker.org\/index.php?rest_route=%2Fwp%2Fv2%2Fcategories&post=808"},{"taxonomy":"post_tag","embeddable":true,"href":"https:\/\/www.berlin.freidenker.org\/index.php?rest_route=%2Fwp%2Fv2%2Ftags&post=808"}],"curies":[{"name":"wp","href":"https:\/\/api.w.org\/{rel}","templated":true}]}}