{"id":833,"date":"2011-12-01T15:06:33","date_gmt":"2011-12-01T13:06:33","guid":{"rendered":"http:\/\/www.berlin.freidenker.org\/?p=833"},"modified":"2012-07-08T22:15:53","modified_gmt":"2012-07-08T20:15:53","slug":"npd-verbot-jetzt","status":"publish","type":"post","link":"https:\/\/www.berlin.freidenker.org\/?p=833","title":{"rendered":"NPD-Verbot jetzt!"},"content":{"rendered":"<p>Aus aktuellem Anlass ver\u00f6ffentlichen wir an dieser Stelle ausgew\u00e4hlte Pressestimmen zum braunen Terror und zur Forderung eines \u00fcberf\u00e4lligen NPD-Verbotes:<\/p>\n<p>Die Tageszeitung &#8222;neues deutschland&#8220; schreibt:<\/p>\n<p>Von Ren\u00e9 Heilig 23.11.2011<\/p>\n<p><strong>Erstaunliches aus Erfurt<\/strong><br \/>\nStatt Tourismus ist in Th\u00fcringen Terrorismus Tagesthema<br \/>\n\u00bbDas ist Th\u00fcringen\u00ab, hie\u00df die Imagekampagne, die Ende August mit einem Budget von zwei Millionen Euro bundesweit gestartet worden war. Nun, seit Th\u00fcringen immer im Zusammenhang mit Nazi-Terrorismus genannt wird, hat Erfurt sie gestoppt. Statt Anzeigen zu schalten, geht man nun Anzeigen nach. <\/p>\n<p><a href=\"http:\/\/www.neues-deutschland.de\/artikel\/211730.erstaunliches-aus-erfurt.html\">weiterlesen:<\/a><\/p>\n<p>Von Thomas Blum 23.11.2011<br \/>\n<strong>Alles Extremisten au\u00dfer Mutti<\/strong><br \/>\nViele Initiativen, die sich gegen Rechts engagieren, werden von den Beh\u00f6rden nach wie vor als Staatsfeinde betrachtet<br \/>\nOpferberatungsstellen und Initiativen gegen Rechts wehren sich gegen ihre Gleichsetzung mit Rechtsradikalen. <\/p>\n<p><a href=\"http:\/\/www.neues-deutschland.de\/artikel\/211729.alles-extremisten-ausser-mutti.html\">weiterlesen<\/a><\/p>\n<p>Die Tageszeitung &#8222;Junge Welt&#8220; schreibt zum gleichen Thema:<\/p>\n<p><strong>Weniger Geheimdienste, mehr Demokratie<\/strong><br \/>\nDie Fraktion Die Linke im Bundestag hat ein \u00bbF\u00fcnf-Punkte-Programm zur Aufkl\u00e4rung des Versagens von Sicherheitsbeh\u00f6rden und Politik im Kampf gegen Rechtsextremismus\u00ab vorgelegt<\/p>\n<p>http:\/\/www.jungewelt.de\/2011\/11-30\/028.php?sstr=npd|verbot<\/p>\n<p><a href=\"http:\/\/www.npd-verbot-jetzt.de\/\">Seit Jahren fordern linke und demokratische Kr\u00e4fte das Verbot der NPD<\/a><\/p>\n","protected":false},"excerpt":{"rendered":"<p>Aus aktuellem Anlass ver\u00f6ffentlichen wir an dieser Stelle ausgew\u00e4hlte Pressestimmen zum braunen Terror und zur Forderung eines \u00fcberf\u00e4lligen NPD-Verbotes: Die Tageszeitung &#8222;neues deutschland&#8220; schreibt: Von Ren\u00e9 Heilig 23.11.2011 Erstaunliches aus Erfurt Statt Tourismus ist in Th\u00fcringen Terrorismus Tagesthema \u00bbDas ist Th\u00fcringen\u00ab, hie\u00df die Imagekampagne, die Ende August mit einem Budget von zwei Millionen Euro bundesweit [&hellip;]<\/p>\n","protected":false},"author":4,"featured_media":0,"comment_status":"closed","ping_status":"closed","sticky":false,"template":"","format":"standard","meta":{"jetpack_post_was_ever_published":false,"_jetpack_newsletter_access":"","_jetpack_dont_email_post_to_subs":false,"_jetpack_newsletter_tier_id":0,"_jetpack_memberships_contains_paywalled_content":false,"_jetpack_memberships_contains_paid_content":false,"footnotes":""},"categories":[8],"tags":[],"class_list":["post-833","post","type-post","status-publish","format-standard","hentry","category-standpunkte"],"jetpack_featured_media_url":"","jetpack_shortlink":"https:\/\/wp.me\/py5dN-dr","jetpack_sharing_enabled":true,"_links":{"self":[{"href":"https:\/\/www.berlin.freidenker.org\/index.php?rest_route=\/wp\/v2\/posts\/833","targetHints":{"allow":["GET"]}}],"collection":[{"href":"https:\/\/www.berlin.freidenker.org\/index.php?rest_route=\/wp\/v2\/posts"}],"about":[{"href":"https:\/\/www.berlin.freidenker.org\/index.php?rest_route=\/wp\/v2\/types\/post"}],"author":[{"embeddable":true,"href":"https:\/\/www.berlin.freidenker.org\/index.php?rest_route=\/wp\/v2\/users\/4"}],"replies":[{"embeddable":true,"href":"https:\/\/www.berlin.freidenker.org\/index.php?rest_route=%2Fwp%2Fv2%2Fcomments&post=833"}],"version-history":[{"count":5,"href":"https:\/\/www.berlin.freidenker.org\/index.php?rest_route=\/wp\/v2\/posts\/833\/revisions"}],"predecessor-version":[{"id":1034,"href":"https:\/\/www.berlin.freidenker.org\/index.php?rest_route=\/wp\/v2\/posts\/833\/revisions\/1034"}],"wp:attachment":[{"href":"https:\/\/www.berlin.freidenker.org\/index.php?rest_route=%2Fwp%2Fv2%2Fmedia&parent=833"}],"wp:term":[{"taxonomy":"category","embeddable":true,"href":"https:\/\/www.berlin.freidenker.org\/index.php?rest_route=%2Fwp%2Fv2%2Fcategories&post=833"},{"taxonomy":"post_tag","embeddable":true,"href":"https:\/\/www.berlin.freidenker.org\/index.php?rest_route=%2Fwp%2Fv2%2Ftags&post=833"}],"curies":[{"name":"wp","href":"https:\/\/api.w.org\/{rel}","templated":true}]}}