{"id":837,"date":"2011-12-01T15:33:47","date_gmt":"2011-12-01T13:33:47","guid":{"rendered":"http:\/\/www.berlin.freidenker.org\/?p=837"},"modified":"2012-07-08T22:15:15","modified_gmt":"2012-07-08T20:15:15","slug":"heinz-florian-oertel-zu-gast-bei-den-berliner-freidenkern","status":"publish","type":"post","link":"https:\/\/www.berlin.freidenker.org\/?p=837","title":{"rendered":"Heinz-Florian Oertel zu Gast bei den Berliner Freidenkern"},"content":{"rendered":"<p><strong>Heinz Florian Oertel<\/strong> war am (geschichtstr\u00e4chtigen) 09.November 2011 Gast unserer <strong>Berliner Runde &#8211; Freidenker im Gespr\u00e4ch<\/strong>.<br \/>\nBegr\u00fc\u00dft von Mitgliedern der Berliner Freidenker, von teilweise weitgereisten G\u00e4sten und einer starken Fraktion unserer Gastgeber, der Begegnungsst\u00e4tte der Volkssolidarit\u00e4t.<br \/>\nAufgewachsen in vier extremen Gesellschaftsformen (Weimarer Republik, Nationalsozialismus, Sozialismus und Kapitalismus) kann Heinz-Florian auf einen reichen (Lebens-) Erfahrungsschatz zur\u00fcckgreifen.<br \/>\nDiese Erfahrungen kommen in seinen B\u00fcchern zum Ausdruck. Aus seinem aktuellen Buch <em><strong>\u201eHallejula f\u00fcr Heuchler&#8220;<\/strong><\/em> las er vor und diskutierte anschlie\u00dfend mit uns \u00fcber \u201eGott&#8220; und die Welt.<br \/>\nSelbstverst\u00e4ndlich wurde er viel zu seinen Erlebnissen als einer der bekanntesten und popul\u00e4rsten (in Ost und West!) Sportreporter der DDR bei Olympia, Europa- und Weltmeisterschaften befragt. In seiner ruhigen und \u00fcberzeugenden Art beantwortete er viele Fragen der Zuh\u00f6rer. Und wenn einige Besucher ihn mit \u201eDu&#8220; ansprachen, dann brachten sie damit ihre Bewunderung, Anerkennung und N\u00e4he zum Ausdruck.<\/p>\n\n\t\t<style type=\"text\/css\">\n\t\t\t#gallery-1 {\n\t\t\t\tmargin: auto;\n\t\t\t}\n\t\t\t#gallery-1 .gallery-item {\n\t\t\t\tfloat: left;\n\t\t\t\tmargin-top: 10px;\n\t\t\t\ttext-align: center;\n\t\t\t\twidth: 50%;\n\t\t\t}\n\t\t\t#gallery-1 img {\n\t\t\t\tborder: 2px solid #cfcfcf;\n\t\t\t}\n\t\t\t#gallery-1 .gallery-caption {\n\t\t\t\tmargin-left: 0;\n\t\t\t}\n\t\t\t\/* see gallery_shortcode() in wp-includes\/media.php *\/\n\t\t<\/style>\n\t\t<div id='gallery-1' class='gallery galleryid-837 gallery-columns-2 gallery-size-thumbnail'><dl class='gallery-item'>\n\t\t\t<dt class='gallery-icon landscape'>\n\t\t\t\t<a href=\"https:\/\/i0.wp.com\/www.berlin.freidenker.org\/wp-content\/uploads\/pb090007.jpg?ssl=1\"><img loading=\"lazy\" decoding=\"async\" width=\"150\" height=\"150\" src=\"https:\/\/i0.wp.com\/www.berlin.freidenker.org\/wp-content\/uploads\/pb090007.jpg?resize=150%2C150&amp;ssl=1\" class=\"attachment-thumbnail size-thumbnail\" alt=\"\" aria-describedby=\"gallery-1-839\" srcset=\"https:\/\/i0.wp.com\/www.berlin.freidenker.org\/wp-content\/uploads\/pb090007.jpg?resize=150%2C150&amp;ssl=1 150w, https:\/\/i0.wp.com\/www.berlin.freidenker.org\/wp-content\/uploads\/pb090007.jpg?zoom=2&amp;resize=150%2C150&amp;ssl=1 300w, https:\/\/i0.wp.com\/www.berlin.freidenker.org\/wp-content\/uploads\/pb090007.jpg?zoom=3&amp;resize=150%2C150&amp;ssl=1 450w\" sizes=\"auto, (max-width: 150px) 100vw, 150px\" \/><\/a>\n\t\t\t<\/dt>\n\t\t\t\t<dd class='wp-caption-text gallery-caption' id='gallery-1-839'>\n\t\t\t\tGast bei den Berliner Freidenkern\n\t\t\t\t<\/dd><\/dl><dl class='gallery-item'>\n\t\t\t<dt class='gallery-icon landscape'>\n\t\t\t\t<a href=\"https:\/\/i0.wp.com\/www.berlin.freidenker.org\/wp-content\/uploads\/pb090011.jpg?ssl=1\"><img loading=\"lazy\" decoding=\"async\" width=\"150\" height=\"150\" src=\"https:\/\/i0.wp.com\/www.berlin.freidenker.org\/wp-content\/uploads\/pb090011.jpg?resize=150%2C150&amp;ssl=1\" class=\"attachment-thumbnail size-thumbnail\" alt=\"\" aria-describedby=\"gallery-1-840\" srcset=\"https:\/\/i0.wp.com\/www.berlin.freidenker.org\/wp-content\/uploads\/pb090011.jpg?resize=150%2C150&amp;ssl=1 150w, https:\/\/i0.wp.com\/www.berlin.freidenker.org\/wp-content\/uploads\/pb090011.jpg?zoom=2&amp;resize=150%2C150&amp;ssl=1 300w, https:\/\/i0.wp.com\/www.berlin.freidenker.org\/wp-content\/uploads\/pb090011.jpg?zoom=3&amp;resize=150%2C150&amp;ssl=1 450w\" sizes=\"auto, (max-width: 150px) 100vw, 150px\" \/><\/a>\n\t\t\t<\/dt>\n\t\t\t\t<dd class='wp-caption-text gallery-caption' id='gallery-1-840'>\n\t\t\t\tHeinz-Florian Oertel\n\t\t\t\t<\/dd><\/dl><br style=\"clear: both\" \/>\n\t\t<\/div>\n\n<p><a href=\"http:\/\/www.das-neue-berlin.de\/autoren-1\/autor\/67-Heinz_Florian_Oertel.html\">Heinz-Florian Oertel hat als Buchautor folgende B\u00fccher ver\u00f6ffentlicht:<\/a><\/p>\n","protected":false},"excerpt":{"rendered":"<p>Heinz Florian Oertel war am (geschichtstr\u00e4chtigen) 09.November 2011 Gast unserer Berliner Runde &#8211; Freidenker im Gespr\u00e4ch. Begr\u00fc\u00dft von Mitgliedern der Berliner Freidenker, von teilweise weitgereisten G\u00e4sten und einer starken Fraktion unserer Gastgeber, der Begegnungsst\u00e4tte der Volkssolidarit\u00e4t. Aufgewachsen in vier extremen Gesellschaftsformen (Weimarer Republik, Nationalsozialismus, Sozialismus und Kapitalismus) kann Heinz-Florian auf einen reichen (Lebens-) Erfahrungsschatz zur\u00fcckgreifen. [&hellip;]<\/p>\n","protected":false},"author":4,"featured_media":0,"comment_status":"closed","ping_status":"closed","sticky":false,"template":"","format":"standard","meta":{"jetpack_post_was_ever_published":false,"_jetpack_newsletter_access":"","_jetpack_dont_email_post_to_subs":false,"_jetpack_newsletter_tier_id":0,"_jetpack_memberships_contains_paywalled_content":false,"_jetpack_memberships_contains_paid_content":false,"footnotes":""},"categories":[14],"tags":[],"class_list":["post-837","post","type-post","status-publish","format-standard","hentry","category-aktivitaeten-des-dfv-berlin"],"jetpack_featured_media_url":"","jetpack_shortlink":"https:\/\/wp.me\/py5dN-dv","jetpack_sharing_enabled":true,"_links":{"self":[{"href":"https:\/\/www.berlin.freidenker.org\/index.php?rest_route=\/wp\/v2\/posts\/837","targetHints":{"allow":["GET"]}}],"collection":[{"href":"https:\/\/www.berlin.freidenker.org\/index.php?rest_route=\/wp\/v2\/posts"}],"about":[{"href":"https:\/\/www.berlin.freidenker.org\/index.php?rest_route=\/wp\/v2\/types\/post"}],"author":[{"embeddable":true,"href":"https:\/\/www.berlin.freidenker.org\/index.php?rest_route=\/wp\/v2\/users\/4"}],"replies":[{"embeddable":true,"href":"https:\/\/www.berlin.freidenker.org\/index.php?rest_route=%2Fwp%2Fv2%2Fcomments&post=837"}],"version-history":[{"count":7,"href":"https:\/\/www.berlin.freidenker.org\/index.php?rest_route=\/wp\/v2\/posts\/837\/revisions"}],"predecessor-version":[{"id":1032,"href":"https:\/\/www.berlin.freidenker.org\/index.php?rest_route=\/wp\/v2\/posts\/837\/revisions\/1032"}],"wp:attachment":[{"href":"https:\/\/www.berlin.freidenker.org\/index.php?rest_route=%2Fwp%2Fv2%2Fmedia&parent=837"}],"wp:term":[{"taxonomy":"category","embeddable":true,"href":"https:\/\/www.berlin.freidenker.org\/index.php?rest_route=%2Fwp%2Fv2%2Fcategories&post=837"},{"taxonomy":"post_tag","embeddable":true,"href":"https:\/\/www.berlin.freidenker.org\/index.php?rest_route=%2Fwp%2Fv2%2Ftags&post=837"}],"curies":[{"name":"wp","href":"https:\/\/api.w.org\/{rel}","templated":true}]}}