{"id":892,"date":"2012-02-14T18:43:32","date_gmt":"2012-02-14T16:43:32","guid":{"rendered":"http:\/\/www.berlin.freidenker.org\/?p=892"},"modified":"2012-07-08T22:14:46","modified_gmt":"2012-07-08T20:14:46","slug":"ausstellungseroffnung-alba-bolivarische-allianz-fur-die-volker-unseres-amerika-stellt-sich-vor","status":"publish","type":"post","link":"https:\/\/www.berlin.freidenker.org\/?p=892","title":{"rendered":"AUSSTELLUNGSER\u00d6FFNUNG ALBA (Bolivarische Allianz f\u00fcr die V\u00f6lker Unseres Amerika)"},"content":{"rendered":"<p><strong>U<\/strong><strong>nser monatliches Treffen fand im Februar<\/strong> nicht wie sonst in den R\u00e4umen auf der Torstr., sondern im COOP-Antikriegscaf\u00e9 (www.coopberlin.de), das vor 2 Jahren den Aufruf \u201eBerlin gegen Krieg&#8220; initiiert hatte, im Rahmen einer Ausstellungser\u00f6ffnung zum Thema ALBA statt. Unsere Veranstaltung war sehr gut besucht von den Sympathisanten der Freidenker und des Antikriegs-Caf\u00e9s. Eingangs wurden die Teilnehmer mit lateinamerikanischer Musik eingestimmt. Nach den Vortr\u00e4gen gab es eine ausf\u00fchrliche Gespr\u00e4chsrunde. Den Abschluss gestaltete unser Freund aus Ecuador mit einem Gedicht. Wie \u00fcblich f\u00fcr eine Vernissage wurden bei Getr\u00e4nken und H\u00e4ppchen noch manche Diskussionen gef\u00fchrt und neue Verabredungen getroffen.<\/p>\n<div id=\"attachment_899\" style=\"width: 310px\" class=\"wp-caption aligncenter\"><a href=\"https:\/\/i0.wp.com\/www.berlin.freidenker.org\/wp-content\/uploads\/p1040450.jpg?ssl=1\"><img data-recalc-dims=\"1\" loading=\"lazy\" decoding=\"async\" aria-describedby=\"caption-attachment-899\" class=\"size-medium wp-image-899\" title=\"p1040450\" src=\"https:\/\/i0.wp.com\/www.berlin.freidenker.org\/wp-content\/uploads\/p1040450.jpg?resize=300%2C225&#038;ssl=1\" alt=\"ALBA Ausstellung\" width=\"300\" height=\"225\" srcset=\"https:\/\/i0.wp.com\/www.berlin.freidenker.org\/wp-content\/uploads\/p1040450.jpg?resize=300%2C225&amp;ssl=1 300w, https:\/\/i0.wp.com\/www.berlin.freidenker.org\/wp-content\/uploads\/p1040450.jpg?resize=1024%2C768&amp;ssl=1 1024w, https:\/\/i0.wp.com\/www.berlin.freidenker.org\/wp-content\/uploads\/p1040450.jpg?w=1536&amp;ssl=1 1536w\" sizes=\"auto, (max-width: 300px) 100vw, 300px\" \/><\/a><p id=\"caption-attachment-899\" class=\"wp-caption-text\">ALBA Ausstellung<\/p><\/div>\n<p>ALBA ist ein B\u00fcndnis von lateinamerikanischen Staaten (bisher Cuba,<br \/>\nVenezuela, Bolivien, Nicaragua, Dominica, Ecuador sowie die Inselrepubliken<br \/>\nAntigua und Barbuda, San Vicente und die Grenadinen), die die Integration auf<br \/>\n\u00f6konomischem, sozialem, kulturellem und politischem Gebiet in vorbildlicher Weise ausbauen, um den gesellschaftlichen Problemen von Armut, mangelnder Bildung und unzureichender Gesundheitsversorgung weiter zu begegnen.<br \/>\nVerstaatlichungen, Ausbau des \u00f6ffentlichen Sektors, verbesserte<br \/>\nArbeitsbedingungen, Ern\u00e4hrungssouver\u00e4nit\u00e4t, Rechte der indigenen V\u00f6lker<br \/>\nsowie der Aufbau einer eigenen Entwicklungsbank sind wichtige Bereiche<br \/>\neiner dynamisch sich entwickelnden bolivarischen Revolution. Dabei gewinnen<br \/>\ndemokratische Strukturen immer mehr an Raum.<\/p>\n<p>Die Integrationspolitik der 2001 vom venezolanischen Pr\u00e4sidenten Hugo Ch\u00e1vez ins Leben gerufenen Bolivarischen Alternative basiert auf den innovativen Handelsvertr\u00e4gen der V\u00f6lker (Tratados de Comercio de los Pueblos), die sich anstatt eines neoliberalen Freihandels einem neuartigen, gleichberechtigten Au\u00dfenhandel widmen.<\/p>\n<p>Die Banco del Sur (Bank des S\u00fcdens) folgt einem Finanz- und Integrationsmodell, das nicht auf Kapital-Akkumulation f\u00fcr Banken und Konzerne abhebt, sondern der Entwicklung der Infrastruktur und Anhebung des Lebensstandards der Bev\u00f6lkerung verpflichtet und rechenschaftspflichtig ist.<br \/>\nDie Integration der ALBA-L\u00e4nder gilt als lebendiges Gegenmodell zu den<br \/>\nkapitalistischen und Krieg f\u00fchrenden NATO-L\u00e4ndern.<br \/>\nIn ihren Verfassungen sind die UNO-Charta, die Menschenrechte und der<br \/>\nUmweltschutz verpflichtende Bestandteile.<\/p>\n<p>Bei der Er\u00f6ffnungsveranstaltung bezogen sich die Referenten<br \/>\nschwerpunktm\u00e4\u00dfig und beispielhaft auf Venezuela und Ecuador.<br \/>\nReferenten waren:<br \/>\nGerhard Mertschenk (Alexander von Humboldt Gesellschaft)<br \/>\nTobias Baumann (Historiker und \u00dcbersetzer, Freidenker-Verband)<br \/>\nModeration:<br \/>\nElke Zwinge-Makamizile (Freidenker-Verband und Deutscher Friedensrat)<\/p>\n<p>Gedichtvortrag: Walter Trujillo<\/p>\n","protected":false},"excerpt":{"rendered":"<p>Unser monatliches Treffen fand im Februar nicht wie sonst in den R\u00e4umen auf der Torstr., sondern im COOP-Antikriegscaf\u00e9 (www.coopberlin.de), das vor 2 Jahren den Aufruf \u201eBerlin gegen Krieg&#8220; initiiert hatte, im Rahmen einer Ausstellungser\u00f6ffnung zum Thema ALBA statt. Unsere Veranstaltung war sehr gut besucht von den Sympathisanten der Freidenker und des Antikriegs-Caf\u00e9s. Eingangs wurden die [&hellip;]<\/p>\n","protected":false},"author":4,"featured_media":0,"comment_status":"closed","ping_status":"closed","sticky":false,"template":"","format":"standard","meta":{"jetpack_post_was_ever_published":false,"_jetpack_newsletter_access":"","_jetpack_dont_email_post_to_subs":false,"_jetpack_newsletter_tier_id":0,"_jetpack_memberships_contains_paywalled_content":false,"_jetpack_memberships_contains_paid_content":false,"footnotes":""},"categories":[14],"tags":[],"class_list":["post-892","post","type-post","status-publish","format-standard","hentry","category-aktivitaeten-des-dfv-berlin"],"jetpack_featured_media_url":"","jetpack_shortlink":"https:\/\/wp.me\/py5dN-eo","jetpack_sharing_enabled":true,"_links":{"self":[{"href":"https:\/\/www.berlin.freidenker.org\/index.php?rest_route=\/wp\/v2\/posts\/892","targetHints":{"allow":["GET"]}}],"collection":[{"href":"https:\/\/www.berlin.freidenker.org\/index.php?rest_route=\/wp\/v2\/posts"}],"about":[{"href":"https:\/\/www.berlin.freidenker.org\/index.php?rest_route=\/wp\/v2\/types\/post"}],"author":[{"embeddable":true,"href":"https:\/\/www.berlin.freidenker.org\/index.php?rest_route=\/wp\/v2\/users\/4"}],"replies":[{"embeddable":true,"href":"https:\/\/www.berlin.freidenker.org\/index.php?rest_route=%2Fwp%2Fv2%2Fcomments&post=892"}],"version-history":[{"count":8,"href":"https:\/\/www.berlin.freidenker.org\/index.php?rest_route=\/wp\/v2\/posts\/892\/revisions"}],"predecessor-version":[{"id":1031,"href":"https:\/\/www.berlin.freidenker.org\/index.php?rest_route=\/wp\/v2\/posts\/892\/revisions\/1031"}],"wp:attachment":[{"href":"https:\/\/www.berlin.freidenker.org\/index.php?rest_route=%2Fwp%2Fv2%2Fmedia&parent=892"}],"wp:term":[{"taxonomy":"category","embeddable":true,"href":"https:\/\/www.berlin.freidenker.org\/index.php?rest_route=%2Fwp%2Fv2%2Fcategories&post=892"},{"taxonomy":"post_tag","embeddable":true,"href":"https:\/\/www.berlin.freidenker.org\/index.php?rest_route=%2Fwp%2Fv2%2Ftags&post=892"}],"curies":[{"name":"wp","href":"https:\/\/api.w.org\/{rel}","templated":true}]}}