{"id":903,"date":"2012-02-28T16:27:36","date_gmt":"2012-02-28T14:27:36","guid":{"rendered":"http:\/\/www.berlin.freidenker.org\/?p=903"},"modified":"2012-07-08T22:14:22","modified_gmt":"2012-07-08T20:14:22","slug":"protestaktion-gegen-rustungsexporte-vor-dem-bundestag","status":"publish","type":"post","link":"https:\/\/www.berlin.freidenker.org\/?p=903","title":{"rendered":"Protestaktion gegen R\u00fcstungsexporte vor dem Bundestag"},"content":{"rendered":"<p>Deutschland ist Europameister bei den R\u00fcstungs\u00adex\u00adporten. Zu den Empf\u00e4ngern deutscher Waffen, R\u00fcstungs\u00adg\u00fcter und Lizenzen z\u00e4hlen selbst Diktaturen und autorit\u00e4re Regime, die die Menschenrechte mit F\u00fc\u00dfen treten. Genehmigt werden R\u00fcstungsexporte von der Bundes\u00adregierung und ihren nachgeordneten Beh\u00f6rden. Am Sonntag, den 26. Februar 2012 fand der erste bundesweite Kampagnentag der &#8222;Aktion Aufschrei &#8211; Stoppt den Waffenhandel&#8220; statt, deren Forderungen der DFV, Landesverband Berlin unterst\u00fctzt.<\/p>\n<p><a href=\"https:\/\/i0.wp.com\/www.berlin.freidenker.org\/wp-content\/uploads\/sscn9193.jpg?ssl=1\"><img data-recalc-dims=\"1\" loading=\"lazy\" decoding=\"async\" class=\"aligncenter size-thumbnail wp-image-906\" title=\"Proteste gegen den R\u00fcstungsexport\" src=\"https:\/\/i0.wp.com\/www.berlin.freidenker.org\/wp-content\/uploads\/sscn9193.jpg?resize=150%2C150&#038;ssl=1\" alt=\"Proteste gegen den R\u00fcstungsexport\" width=\"150\" height=\"150\" srcset=\"https:\/\/i0.wp.com\/www.berlin.freidenker.org\/wp-content\/uploads\/sscn9193.jpg?resize=150%2C150&amp;ssl=1 150w, https:\/\/i0.wp.com\/www.berlin.freidenker.org\/wp-content\/uploads\/sscn9193.jpg?zoom=2&amp;resize=150%2C150&amp;ssl=1 300w, https:\/\/i0.wp.com\/www.berlin.freidenker.org\/wp-content\/uploads\/sscn9193.jpg?zoom=3&amp;resize=150%2C150&amp;ssl=1 450w\" sizes=\"auto, (max-width: 150px) 100vw, 150px\" \/><\/a><\/p>\n<p><a href=\"https:\/\/i0.wp.com\/www.berlin.freidenker.org\/wp-content\/uploads\/sscn9195.jpg?ssl=1\"><img data-recalc-dims=\"1\" loading=\"lazy\" decoding=\"async\" class=\"aligncenter size-thumbnail wp-image-907\" title=\"Deutschland ist Europameister bei den R\u00fcstungs\u00adex\u00adporten\" src=\"https:\/\/i0.wp.com\/www.berlin.freidenker.org\/wp-content\/uploads\/sscn9195.jpg?resize=150%2C150&#038;ssl=1\" alt=\"Deutschland ist Europameister bei den R\u00fcstungs\u00adex\u00adporten\" width=\"150\" height=\"150\" srcset=\"https:\/\/i0.wp.com\/www.berlin.freidenker.org\/wp-content\/uploads\/sscn9195.jpg?resize=150%2C150&amp;ssl=1 150w, https:\/\/i0.wp.com\/www.berlin.freidenker.org\/wp-content\/uploads\/sscn9195.jpg?zoom=2&amp;resize=150%2C150&amp;ssl=1 300w, https:\/\/i0.wp.com\/www.berlin.freidenker.org\/wp-content\/uploads\/sscn9195.jpg?zoom=3&amp;resize=150%2C150&amp;ssl=1 450w\" sizes=\"auto, (max-width: 150px) 100vw, 150px\" \/> <\/a><\/p>\n<p>&nbsp;<\/p>\n<p style=\"text-align: center;\">An der Protestaktion nahmen auch Mitglieder unseres Verbandes teil.<\/p>\n<p style=\"text-align: center;\">\n","protected":false},"excerpt":{"rendered":"<p>Deutschland ist Europameister bei den R\u00fcstungs\u00adex\u00adporten. Zu den Empf\u00e4ngern deutscher Waffen, R\u00fcstungs\u00adg\u00fcter und Lizenzen z\u00e4hlen selbst Diktaturen und autorit\u00e4re Regime, die die Menschenrechte mit F\u00fc\u00dfen treten. Genehmigt werden R\u00fcstungsexporte von der Bundes\u00adregierung und ihren nachgeordneten Beh\u00f6rden. Am Sonntag, den 26. Februar 2012 fand der erste bundesweite Kampagnentag der &#8222;Aktion Aufschrei &#8211; Stoppt den Waffenhandel&#8220; statt, [&hellip;]<\/p>\n","protected":false},"author":4,"featured_media":0,"comment_status":"closed","ping_status":"closed","sticky":false,"template":"","format":"standard","meta":{"jetpack_post_was_ever_published":false,"_jetpack_newsletter_access":"","_jetpack_dont_email_post_to_subs":false,"_jetpack_newsletter_tier_id":0,"_jetpack_memberships_contains_paywalled_content":false,"_jetpack_memberships_contains_paid_content":false,"footnotes":""},"categories":[14],"tags":[],"class_list":["post-903","post","type-post","status-publish","format-standard","hentry","category-aktivitaeten-des-dfv-berlin"],"jetpack_featured_media_url":"","jetpack_shortlink":"https:\/\/wp.me\/py5dN-ez","jetpack_sharing_enabled":true,"_links":{"self":[{"href":"https:\/\/www.berlin.freidenker.org\/index.php?rest_route=\/wp\/v2\/posts\/903","targetHints":{"allow":["GET"]}}],"collection":[{"href":"https:\/\/www.berlin.freidenker.org\/index.php?rest_route=\/wp\/v2\/posts"}],"about":[{"href":"https:\/\/www.berlin.freidenker.org\/index.php?rest_route=\/wp\/v2\/types\/post"}],"author":[{"embeddable":true,"href":"https:\/\/www.berlin.freidenker.org\/index.php?rest_route=\/wp\/v2\/users\/4"}],"replies":[{"embeddable":true,"href":"https:\/\/www.berlin.freidenker.org\/index.php?rest_route=%2Fwp%2Fv2%2Fcomments&post=903"}],"version-history":[{"count":7,"href":"https:\/\/www.berlin.freidenker.org\/index.php?rest_route=\/wp\/v2\/posts\/903\/revisions"}],"predecessor-version":[{"id":1030,"href":"https:\/\/www.berlin.freidenker.org\/index.php?rest_route=\/wp\/v2\/posts\/903\/revisions\/1030"}],"wp:attachment":[{"href":"https:\/\/www.berlin.freidenker.org\/index.php?rest_route=%2Fwp%2Fv2%2Fmedia&parent=903"}],"wp:term":[{"taxonomy":"category","embeddable":true,"href":"https:\/\/www.berlin.freidenker.org\/index.php?rest_route=%2Fwp%2Fv2%2Fcategories&post=903"},{"taxonomy":"post_tag","embeddable":true,"href":"https:\/\/www.berlin.freidenker.org\/index.php?rest_route=%2Fwp%2Fv2%2Ftags&post=903"}],"curies":[{"name":"wp","href":"https:\/\/api.w.org\/{rel}","templated":true}]}}