{"id":916,"date":"2012-03-02T16:00:58","date_gmt":"2012-03-02T14:00:58","guid":{"rendered":"http:\/\/www.berlin.freidenker.org\/?p=916"},"modified":"2012-07-08T22:14:00","modified_gmt":"2012-07-08T20:14:00","slug":"zum-30todestag-von-konrad-wolf","status":"publish","type":"post","link":"https:\/\/www.berlin.freidenker.org\/?p=916","title":{"rendered":"Zum 30.Todestag von Konrad Wolf"},"content":{"rendered":"<p>Am 7. M\u00e4rz 1982 starb, viel zu fr\u00fch, der gro\u00dfe Regisseur Konrad Wolf. Er war der Sohn des kommunistischen Schriftstellers und Arztes Friedrich Wolf und der Bruder von Marcus Wolf. Die Familie Wolf musste 1933 nach Frankreich emigrieren und lebte ab 1934 im Moskauer Exil. Dort besuchte er die deutsche Schule und erwarb die sowjetische Staatsangeh\u00f6rigkeit. 1943 meldete sich Konrad Wolf, siebzehnj\u00e4hrig, zur Roten Armee. Er kehrte als Offizier derselben nach Deutschland zur\u00fcck und wurde am 22. April 1945 der erste sowjetische Stadtkommandant von Bernau.<!--more--><br \/>\nSeine Kriegserlebnisse beschrieb er sp\u00e4ter in dem beeindruckenden Film &#8222;Ich war neunzehn&#8220; (1968). Das Verh\u00e4ltnis zwischen Deutschen und Russen besch\u00e4ftigte ihn Zeit seines Lebens.<\/p>\n<p>Er arbeitete als Regisseur bei der DEFA, wo er vor allem anspruchsvolle und kritische Gegenwartsfilme drehte.<br \/>\nKonrad Wolf war Pr\u00e4sident der Akademie der K\u00fcnste der DDR (1965 bis 1982) und ist Ehrenb\u00fcrger von Bernau bei Berlin.<\/p>\n<p><a href=\"http:\/\/progress-film.de\/de\/veranstaltung\/konradwolf-retro.php\">Konrad Wolf Retrospektive zum 30. Todestag<\/a><\/p>\n<div id=\"attachment_921\" style=\"width: 160px\" class=\"wp-caption alignleft\"><a href=\"https:\/\/i0.wp.com\/www.berlin.freidenker.org\/wp-content\/uploads\/727px-konrad_wolf_-_boulevard_der_stars.jpg?ssl=1\"><img data-recalc-dims=\"1\" loading=\"lazy\" decoding=\"async\" aria-describedby=\"caption-attachment-921\" class=\"size-thumbnail wp-image-921 \" title=\"Konrad Wolf \" src=\"https:\/\/i0.wp.com\/www.berlin.freidenker.org\/wp-content\/uploads\/727px-konrad_wolf_-_boulevard_der_stars.jpg?resize=150%2C150&#038;ssl=1\" alt=\"Boulevard der Stars\" width=\"150\" height=\"150\" srcset=\"https:\/\/i0.wp.com\/www.berlin.freidenker.org\/wp-content\/uploads\/727px-konrad_wolf_-_boulevard_der_stars.jpg?resize=150%2C150&amp;ssl=1 150w, https:\/\/i0.wp.com\/www.berlin.freidenker.org\/wp-content\/uploads\/727px-konrad_wolf_-_boulevard_der_stars.jpg?zoom=2&amp;resize=150%2C150&amp;ssl=1 300w, https:\/\/i0.wp.com\/www.berlin.freidenker.org\/wp-content\/uploads\/727px-konrad_wolf_-_boulevard_der_stars.jpg?zoom=3&amp;resize=150%2C150&amp;ssl=1 450w\" sizes=\"auto, (max-width: 150px) 100vw, 150px\" \/><\/a><p id=\"caption-attachment-921\" class=\"wp-caption-text\">Boulevard der Stars<\/p><\/div>\n<div id=\"attachment_920\" style=\"width: 160px\" class=\"wp-caption aligncenter\"><a href=\"https:\/\/i0.wp.com\/www.berlin.freidenker.org\/wp-content\/uploads\/443px-tombstone_konrad_wolf.jpg?ssl=1\"><img data-recalc-dims=\"1\" loading=\"lazy\" decoding=\"async\" aria-describedby=\"caption-attachment-920\" class=\"size-thumbnail wp-image-920\" title=\"Grabstein Marcus und Konrad Wolf\" src=\"https:\/\/i0.wp.com\/www.berlin.freidenker.org\/wp-content\/uploads\/443px-tombstone_konrad_wolf.jpg?resize=150%2C150&#038;ssl=1\" alt=\"Grabstein Marcus und Konrad Wolf\" width=\"150\" height=\"150\" srcset=\"https:\/\/i0.wp.com\/www.berlin.freidenker.org\/wp-content\/uploads\/443px-tombstone_konrad_wolf.jpg?resize=150%2C150&amp;ssl=1 150w, https:\/\/i0.wp.com\/www.berlin.freidenker.org\/wp-content\/uploads\/443px-tombstone_konrad_wolf.jpg?zoom=2&amp;resize=150%2C150&amp;ssl=1 300w\" sizes=\"auto, (max-width: 150px) 100vw, 150px\" \/><\/a><p id=\"caption-attachment-920\" class=\"wp-caption-text\">Grabstein Marcus und Konrad Wolf<\/p><\/div>\n<p>Sehr geehrter Herr Pr\u00e4sident Klaus Staeck,<\/p>\n<p>aus Anlass des 30.Todestages von Konrad Wolf, des gro\u00dfen K\u00fcnstlers und ehemaligen Pr\u00e4sidenten der Akademie der K\u00fcnste der DDR, wird in Bernau eine kleine Gedenkfeier an der Konrad-Wolf-Stele im Stadtpark stattfinden.Konrad Wolf ist Ehrenb\u00fcrger der Stadt Bernau und sein Werk wird von vielen engagierten Menschen lebendig erhalten.<\/p>\n<p>Mit Freude haben wir von einer Filmwoche im April in Berlin geh\u00f6rt.<\/p>\n<p>Gerne w\u00fcrden wir wissen, ob und in welcher Form die Akademie der K\u00fcnste an diesen Gedenktag erinnert.<br \/>\nWir bitten Sie dar\u00fcber um Auskunft.<\/p>\n<p>Mit freundlichen Gr\u00fc\u00dfen<br \/>\nDr. Uta Mader<br \/>\nMitglied im Deutschen Freidenker-Verband<\/p>\n<h4>Unter der \u00dcberschrift: &#8222;Das gro\u00dfe WIR&#8230;..&#8220; ver\u00f6ffentlichte die Tageszeitung neues deutschland am 03.\/04. M\u00e4rz 2012 folgenden Artikel:<\/h4>\n<p>Am 7. M\u00e4rz 1982 starb DEFA-Regisseur Konrad Wolf<br \/>\nVor drei\u00dfig Jahren starb 56-j\u00e4hrig DEFA-Regisseur Konrad Wolf, der wie kein anderer die Auseinandersetzung mit dem Nazismus und seinen Folgen &#8211; Welteroberungskrieg, V\u00f6lkermord und Juden-Genozid &#8211; zu seinem Lebensthema erhob. Immer wieder thematisierte er dabei das Verh\u00e4ltnis von Deutschen und Sowjetb\u00fcrgern, so auch 1957\/58 im \u00bbWismut\u00ab-Film \u00bbSonnensucher\u00ab, der nach sowjetischem Einspruch lange nicht gezeigt werden durfte.<\/p>\n<p>Wolf bereicherte die DEFA-Personnage um unvergessliche russische Gestalten. In \u00bbMama, ich lebe\u00ab begleitet ein litauischer Professor und Major (Donatas Banionis) vier Kriegsgefangene aus einem Antifa-Lager, nun in sowjetischer Uniform, auf der Bahnfahrt zum Fronteinsatz. Ein Partisanengeneral (Iwan Lapikow) bewirtet diese seltsamen Deutschen aus seinem Proviantk\u00f6fferchen mit Schwarzbrot und Honig vom heimischen Schwarm. Als einer vom k\u00fcnftigen sozialistischen Deutschland spricht, denkt er laut: \u00bbDas wird ein merkw\u00fcrdiger Sozialismus sein.\u00ab<\/p>\n<p><a href=\"http:\/\/www.neues-deutschland.de\/artikel\/220209.das-grosse-wir.html\">Den vollst\u00e4ndigen\u00a0 Artikel im neuen deutschland weiterlesen:<\/a><\/p>\n","protected":false},"excerpt":{"rendered":"<p>Am 7. M\u00e4rz 1982 starb, viel zu fr\u00fch, der gro\u00dfe Regisseur Konrad Wolf. Er war der Sohn des kommunistischen Schriftstellers und Arztes Friedrich Wolf und der Bruder von Marcus Wolf. Die Familie Wolf musste 1933 nach Frankreich emigrieren und lebte ab 1934 im Moskauer Exil. Dort besuchte er die deutsche Schule und erwarb die sowjetische [&hellip;]<\/p>\n","protected":false},"author":4,"featured_media":0,"comment_status":"closed","ping_status":"closed","sticky":false,"template":"","format":"standard","meta":{"jetpack_post_was_ever_published":false,"_jetpack_newsletter_access":"","_jetpack_dont_email_post_to_subs":false,"_jetpack_newsletter_tier_id":0,"_jetpack_memberships_contains_paywalled_content":false,"_jetpack_memberships_contains_paid_content":false,"footnotes":""},"categories":[14,13],"tags":[],"class_list":["post-916","post","type-post","status-publish","format-standard","hentry","category-aktivitaeten-des-dfv-berlin","category-veranstaltungen"],"jetpack_featured_media_url":"","jetpack_shortlink":"https:\/\/wp.me\/py5dN-eM","jetpack_sharing_enabled":true,"_links":{"self":[{"href":"https:\/\/www.berlin.freidenker.org\/index.php?rest_route=\/wp\/v2\/posts\/916","targetHints":{"allow":["GET"]}}],"collection":[{"href":"https:\/\/www.berlin.freidenker.org\/index.php?rest_route=\/wp\/v2\/posts"}],"about":[{"href":"https:\/\/www.berlin.freidenker.org\/index.php?rest_route=\/wp\/v2\/types\/post"}],"author":[{"embeddable":true,"href":"https:\/\/www.berlin.freidenker.org\/index.php?rest_route=\/wp\/v2\/users\/4"}],"replies":[{"embeddable":true,"href":"https:\/\/www.berlin.freidenker.org\/index.php?rest_route=%2Fwp%2Fv2%2Fcomments&post=916"}],"version-history":[{"count":13,"href":"https:\/\/www.berlin.freidenker.org\/index.php?rest_route=\/wp\/v2\/posts\/916\/revisions"}],"predecessor-version":[{"id":1029,"href":"https:\/\/www.berlin.freidenker.org\/index.php?rest_route=\/wp\/v2\/posts\/916\/revisions\/1029"}],"wp:attachment":[{"href":"https:\/\/www.berlin.freidenker.org\/index.php?rest_route=%2Fwp%2Fv2%2Fmedia&parent=916"}],"wp:term":[{"taxonomy":"category","embeddable":true,"href":"https:\/\/www.berlin.freidenker.org\/index.php?rest_route=%2Fwp%2Fv2%2Fcategories&post=916"},{"taxonomy":"post_tag","embeddable":true,"href":"https:\/\/www.berlin.freidenker.org\/index.php?rest_route=%2Fwp%2Fv2%2Ftags&post=916"}],"curies":[{"name":"wp","href":"https:\/\/api.w.org\/{rel}","templated":true}]}}