{"id":940,"date":"2012-03-30T13:59:06","date_gmt":"2012-03-30T11:59:06","guid":{"rendered":"http:\/\/www.berlin.freidenker.org\/?p=940"},"modified":"2012-07-08T22:13:30","modified_gmt":"2012-07-08T20:13:30","slug":"harry-belafonte-zweimal-in-berlin","status":"publish","type":"post","link":"https:\/\/www.berlin.freidenker.org\/?p=940","title":{"rendered":"Harry Belafonte zweimal in Berlin"},"content":{"rendered":"<p><strong>So 01.04.<br \/>\n11:00 Gro\u00dfes Haus, Volksb\u00fchne<\/strong><\/p>\n<p><strong>1. Leseb\u00fchne &#8211; Harry Belafonte kommt und stellt vor: &#8222;My Song&#8220; BuchpremiereDeutsche Lesung Christian Br\u00fcckner. Moderation Knut Elstermann. <\/strong><\/p>\n<p><strong>2. Premiere: SING YOUR SONG<\/strong><\/p>\n<p><strong>In Anwesenheit von HARRY BELAFONTE<\/strong><\/p>\n<p>VORF\u00dcHRUNG AM 1.4. UM 17 UHR IM KINO INTERNATIONAL IN ANWESENHEIT VON HARRY BELAFONTE.<\/p>\n<p>&nbsp;<\/p>\n","protected":false},"excerpt":{"rendered":"<p>So 01.04. 11:00 Gro\u00dfes Haus, Volksb\u00fchne 1. Leseb\u00fchne &#8211; Harry Belafonte kommt und stellt vor: &#8222;My Song&#8220; BuchpremiereDeutsche Lesung Christian Br\u00fcckner. Moderation Knut Elstermann. 2. Premiere: SING YOUR SONG In Anwesenheit von HARRY BELAFONTE VORF\u00dcHRUNG AM 1.4. UM 17 UHR IM KINO INTERNATIONAL IN ANWESENHEIT VON HARRY BELAFONTE. &nbsp;<\/p>\n","protected":false},"author":4,"featured_media":0,"comment_status":"closed","ping_status":"closed","sticky":false,"template":"","format":"standard","meta":{"jetpack_post_was_ever_published":false,"_jetpack_newsletter_access":"","_jetpack_dont_email_post_to_subs":false,"_jetpack_newsletter_tier_id":0,"_jetpack_memberships_contains_paywalled_content":false,"_jetpack_memberships_contains_paid_content":false,"footnotes":""},"categories":[13],"tags":[],"class_list":["post-940","post","type-post","status-publish","format-standard","hentry","category-veranstaltungen"],"jetpack_featured_media_url":"","jetpack_shortlink":"https:\/\/wp.me\/py5dN-fa","jetpack_sharing_enabled":true,"_links":{"self":[{"href":"https:\/\/www.berlin.freidenker.org\/index.php?rest_route=\/wp\/v2\/posts\/940","targetHints":{"allow":["GET"]}}],"collection":[{"href":"https:\/\/www.berlin.freidenker.org\/index.php?rest_route=\/wp\/v2\/posts"}],"about":[{"href":"https:\/\/www.berlin.freidenker.org\/index.php?rest_route=\/wp\/v2\/types\/post"}],"author":[{"embeddable":true,"href":"https:\/\/www.berlin.freidenker.org\/index.php?rest_route=\/wp\/v2\/users\/4"}],"replies":[{"embeddable":true,"href":"https:\/\/www.berlin.freidenker.org\/index.php?rest_route=%2Fwp%2Fv2%2Fcomments&post=940"}],"version-history":[{"count":5,"href":"https:\/\/www.berlin.freidenker.org\/index.php?rest_route=\/wp\/v2\/posts\/940\/revisions"}],"predecessor-version":[{"id":1028,"href":"https:\/\/www.berlin.freidenker.org\/index.php?rest_route=\/wp\/v2\/posts\/940\/revisions\/1028"}],"wp:attachment":[{"href":"https:\/\/www.berlin.freidenker.org\/index.php?rest_route=%2Fwp%2Fv2%2Fmedia&parent=940"}],"wp:term":[{"taxonomy":"category","embeddable":true,"href":"https:\/\/www.berlin.freidenker.org\/index.php?rest_route=%2Fwp%2Fv2%2Fcategories&post=940"},{"taxonomy":"post_tag","embeddable":true,"href":"https:\/\/www.berlin.freidenker.org\/index.php?rest_route=%2Fwp%2Fv2%2Ftags&post=940"}],"curies":[{"name":"wp","href":"https:\/\/api.w.org\/{rel}","templated":true}]}}