{"id":957,"date":"2012-06-28T17:00:31","date_gmt":"2012-06-28T15:00:31","guid":{"rendered":"http:\/\/www.berlin.freidenker.org\/?p=957"},"modified":"2012-07-08T22:11:41","modified_gmt":"2012-07-08T20:11:41","slug":"verbandstag-2012-in-nurnberg-vom-2-bis-3-juni-2012","status":"publish","type":"post","link":"https:\/\/www.berlin.freidenker.org\/?p=957","title":{"rendered":"Verbandstag 2012 in N\u00fcrnberg vom 2. bis 3. Juni 2012"},"content":{"rendered":"<p><img data-recalc-dims=\"1\" loading=\"lazy\" decoding=\"async\" class=\"alignnone size-medium wp-image-964\" title=\"DFV Verbandstag Juni 2012 in N\u00fcrnberg\" src=\"https:\/\/i0.wp.com\/www.berlin.freidenker.org\/wp-content\/uploads\/dfv-vt2012.jpg?resize=300%2C225&#038;ssl=1\" alt=\"DFV Verbandstag Juni 2012 in N\u00fcrnberg\" width=\"300\" height=\"225\" srcset=\"https:\/\/i0.wp.com\/www.berlin.freidenker.org\/wp-content\/uploads\/dfv-vt2012.jpg?resize=300%2C225&amp;ssl=1 300w, https:\/\/i0.wp.com\/www.berlin.freidenker.org\/wp-content\/uploads\/dfv-vt2012.jpg?w=640&amp;ssl=1 640w\" sizes=\"auto, (max-width: 300px) 100vw, 300px\" \/><\/p>\n<p>Die Delegierten der Landesverb\u00e4nde tagten am Wochenende in freundschaftlicher und konstruktiver Atmosph\u00e4re, mit ausreichend Zeit zur Diskussion des Rechenschaftsberichtes und zum Erfahrungsaustausch.<br \/>\nDer Veranstaltungsort war das B\u00fcrgerzentrum \u201eLeon\u201c und sehr geeignet f\u00fcr die zweit\u00e4gigen Aktivit\u00e4ten, wie Plenum, Arbeitsgruppen, Pausendiskussion, Hunger und Durst bek\u00e4mpfen (sogar an Gartentischen im Freien) und das interessante abendliche Konzert mit der Gruppe \u201eCinque Alto\u201c (Lieders\u00e4ngerin Birgit Katzenbogner und Torsten Zurm\u00fchl, Percussion).<br \/>\n<!--more--><br \/>\nAuf der folgenden Webseite k\u00f6nnt Ihr einen Bericht des Vorstandes lesen:<br \/>\n<a href=\"http:\/\/www.redglobe.de\/deutschland\/opposition\/5268-freidenker-tagten-in-nuernberg-fuer-eine-kultur-des-realen-humanismus-und-der-vernunft\" target=\"_new\">http:\/\/www.redglobe.de\/deutschland\/opposition\/5268-freidenker-tagten-in-nuernberg-fuer-eine-kultur-des-realen-humanismus-und-der-vernunft<\/a><\/p>\n<p>Wir danken den Organisatoren des Verbandstages und allen Aktiven f\u00fcr ihre gute Arbeit.<\/p>\n<p>Elke Zwinge-Makamizile, Eduard Mader, Uta Mader<\/p>\n","protected":false},"excerpt":{"rendered":"<p>Die Delegierten der Landesverb\u00e4nde tagten am Wochenende in freundschaftlicher und konstruktiver Atmosph\u00e4re, mit ausreichend Zeit zur Diskussion des Rechenschaftsberichtes und zum Erfahrungsaustausch. Der Veranstaltungsort war das B\u00fcrgerzentrum \u201eLeon\u201c und sehr geeignet f\u00fcr die zweit\u00e4gigen Aktivit\u00e4ten, wie Plenum, Arbeitsgruppen, Pausendiskussion, Hunger und Durst bek\u00e4mpfen (sogar an Gartentischen im Freien) und das interessante abendliche Konzert mit der [&hellip;]<\/p>\n","protected":false},"author":4,"featured_media":0,"comment_status":"closed","ping_status":"closed","sticky":false,"template":"","format":"standard","meta":{"jetpack_post_was_ever_published":false,"_jetpack_newsletter_access":"","_jetpack_dont_email_post_to_subs":false,"_jetpack_newsletter_tier_id":0,"_jetpack_memberships_contains_paywalled_content":false,"_jetpack_memberships_contains_paid_content":false,"footnotes":""},"categories":[1],"tags":[],"class_list":["post-957","post","type-post","status-publish","format-standard","hentry","category-allgemein"],"jetpack_featured_media_url":"","jetpack_shortlink":"https:\/\/wp.me\/py5dN-fr","jetpack_sharing_enabled":true,"_links":{"self":[{"href":"https:\/\/www.berlin.freidenker.org\/index.php?rest_route=\/wp\/v2\/posts\/957","targetHints":{"allow":["GET"]}}],"collection":[{"href":"https:\/\/www.berlin.freidenker.org\/index.php?rest_route=\/wp\/v2\/posts"}],"about":[{"href":"https:\/\/www.berlin.freidenker.org\/index.php?rest_route=\/wp\/v2\/types\/post"}],"author":[{"embeddable":true,"href":"https:\/\/www.berlin.freidenker.org\/index.php?rest_route=\/wp\/v2\/users\/4"}],"replies":[{"embeddable":true,"href":"https:\/\/www.berlin.freidenker.org\/index.php?rest_route=%2Fwp%2Fv2%2Fcomments&post=957"}],"version-history":[{"count":10,"href":"https:\/\/www.berlin.freidenker.org\/index.php?rest_route=\/wp\/v2\/posts\/957\/revisions"}],"predecessor-version":[{"id":1024,"href":"https:\/\/www.berlin.freidenker.org\/index.php?rest_route=\/wp\/v2\/posts\/957\/revisions\/1024"}],"wp:attachment":[{"href":"https:\/\/www.berlin.freidenker.org\/index.php?rest_route=%2Fwp%2Fv2%2Fmedia&parent=957"}],"wp:term":[{"taxonomy":"category","embeddable":true,"href":"https:\/\/www.berlin.freidenker.org\/index.php?rest_route=%2Fwp%2Fv2%2Fcategories&post=957"},{"taxonomy":"post_tag","embeddable":true,"href":"https:\/\/www.berlin.freidenker.org\/index.php?rest_route=%2Fwp%2Fv2%2Ftags&post=957"}],"curies":[{"name":"wp","href":"https:\/\/api.w.org\/{rel}","templated":true}]}}