{"id":970,"date":"2012-02-04T14:00:23","date_gmt":"2012-02-04T12:00:23","guid":{"rendered":"http:\/\/www.berlin.freidenker.org\/?p=970"},"modified":"2012-07-08T22:19:30","modified_gmt":"2012-07-08T20:19:30","slug":"termine-marz-2012","status":"publish","type":"post","link":"https:\/\/www.berlin.freidenker.org\/?p=970","title":{"rendered":"Termine M\u00e4rz 2012"},"content":{"rendered":"<p><strong>Zum 30.Todestag von Konrad Wolf<\/strong><br \/>\nAm <strong>7. M\u00e4rz, 17 Uhr<\/strong> wird in Bernau eine Gedenkfeier an der Konrad-Wolf-Stele im Stadtpark anl\u00e4sslich des 30. Todestages von Konrad Wolf stattfinden.<br \/>\nSie wird vom Niederbarnimer Kulturbund gemeinsam mit der Projektgruppe \u201eFilmretrospektive Konrad Wolf 2012\u2033 und mit uns, dem Landesverband Berlin des DFV, ausgerichtet.<\/p>\n<p>&#8211;> <a href=\"https:\/\/www.berlin.freidenker.org\/wp-content\/uploads\/gedenkveranstaltung.pdf\">Gedenkveranstaltung<\/a> (PDF)<\/p>\n<p>Am 07.M\u00e4rz 2012 um 11:00 Uhr treffen sich die Mitglieder des Landesverbandes Berlin am Grab von Konrad Wolf auf dem Friedhof der Sozialisten in Berlin Friedrichsfelde (Pergolenweg).<br \/>\nIm Kino TONI (Berlin-Wei\u00dfensee) werden zwei seiner bekanntesten Filme gezeigt:<br \/>\n<strong>7. M\u00e4rz 19.00 Uhr \u201eIch war neunzehn\u201d<\/strong><br \/>\nGespr\u00e4ch mit Wolfgang Kohlhaase, Jaecki Schwarz, Prof. Dr. Moritz Mebel, Einf\u00fchrung und Moderation Paul Werner Wagner<\/p>\n<p><strong>8. M\u00e4rz 19.00 Uhr \u201eSolo Sunny\u201d<\/strong><br \/>\nGespr\u00e4ch mit Renate Kr\u00f6\u00dfner (angefragt), Wolfgang Kohlhaase, Eberhard Geick, Einf\u00fchrung und Moderation Paul Werner Wagner<\/p>\n<p><strong>Einladung<\/strong><br \/>\nzur \u201eBerliner Runde &#8211; Freidenker im Gespr\u00e4ch\u201d am Mittwoch, den <strong>14. M\u00e4rz 2012, 18.30 Uhr<\/strong>, im Klub der Volkssolidarit\u00e4t, Torstr. 203 &#8211; 205 (S-Oranienburger Tor, S-Nordbahnhof)<br \/>\nThema: Ist Berlin auf dem \u201erechten\u201d Weg? Extremismusklausel statt Antifaschismusklausel?<br \/>\nMarkus Tervooren, Gesch\u00e4ftsf\u00fchrer der Berliner VVN-BdA.<\/p>\n<p>Vom <strong>12. &#8211; 18. April <\/strong>werden in einer Filmretrospektive weitere Filme von Konrad Wolf im Kino am Bundesplatz (Berlin-Sch\u00f6neberg) und im Kino TONI (Berlin-Wei\u00dfensee) gezeigt. Das Programm werden wir noch rechtzeitig hier ver\u00f6ffentlichen.<\/p>\n","protected":false},"excerpt":{"rendered":"<p>Zum 30.Todestag von Konrad Wolf Am 7. M\u00e4rz, 17 Uhr wird in Bernau eine Gedenkfeier an der Konrad-Wolf-Stele im Stadtpark anl\u00e4sslich des 30. Todestages von Konrad Wolf stattfinden. Sie wird vom Niederbarnimer Kulturbund gemeinsam mit der Projektgruppe \u201eFilmretrospektive Konrad Wolf 2012\u2033 und mit uns, dem Landesverband Berlin des DFV, ausgerichtet. &#8211;> Gedenkveranstaltung (PDF) Am 07.M\u00e4rz [&hellip;]<\/p>\n","protected":false},"author":4,"featured_media":0,"comment_status":"closed","ping_status":"closed","sticky":false,"template":"","format":"standard","meta":{"jetpack_post_was_ever_published":false,"_jetpack_newsletter_access":"","_jetpack_dont_email_post_to_subs":false,"_jetpack_newsletter_tier_id":0,"_jetpack_memberships_contains_paywalled_content":false,"_jetpack_memberships_contains_paid_content":false,"footnotes":""},"categories":[14,13],"tags":[],"class_list":["post-970","post","type-post","status-publish","format-standard","hentry","category-aktivitaeten-des-dfv-berlin","category-veranstaltungen"],"jetpack_featured_media_url":"","jetpack_shortlink":"https:\/\/wp.me\/py5dN-fE","jetpack_sharing_enabled":true,"_links":{"self":[{"href":"https:\/\/www.berlin.freidenker.org\/index.php?rest_route=\/wp\/v2\/posts\/970","targetHints":{"allow":["GET"]}}],"collection":[{"href":"https:\/\/www.berlin.freidenker.org\/index.php?rest_route=\/wp\/v2\/posts"}],"about":[{"href":"https:\/\/www.berlin.freidenker.org\/index.php?rest_route=\/wp\/v2\/types\/post"}],"author":[{"embeddable":true,"href":"https:\/\/www.berlin.freidenker.org\/index.php?rest_route=\/wp\/v2\/users\/4"}],"replies":[{"embeddable":true,"href":"https:\/\/www.berlin.freidenker.org\/index.php?rest_route=%2Fwp%2Fv2%2Fcomments&post=970"}],"version-history":[{"count":4,"href":"https:\/\/www.berlin.freidenker.org\/index.php?rest_route=\/wp\/v2\/posts\/970\/revisions"}],"predecessor-version":[{"id":1048,"href":"https:\/\/www.berlin.freidenker.org\/index.php?rest_route=\/wp\/v2\/posts\/970\/revisions\/1048"}],"wp:attachment":[{"href":"https:\/\/www.berlin.freidenker.org\/index.php?rest_route=%2Fwp%2Fv2%2Fmedia&parent=970"}],"wp:term":[{"taxonomy":"category","embeddable":true,"href":"https:\/\/www.berlin.freidenker.org\/index.php?rest_route=%2Fwp%2Fv2%2Fcategories&post=970"},{"taxonomy":"post_tag","embeddable":true,"href":"https:\/\/www.berlin.freidenker.org\/index.php?rest_route=%2Fwp%2Fv2%2Ftags&post=970"}],"curies":[{"name":"wp","href":"https:\/\/api.w.org\/{rel}","templated":true}]}}