{"id":974,"date":"2012-03-31T14:00:20","date_gmt":"2012-03-31T12:00:20","guid":{"rendered":"http:\/\/www.berlin.freidenker.org\/?p=974"},"modified":"2012-07-08T22:12:56","modified_gmt":"2012-07-08T20:12:56","slug":"termine-april-2012","status":"publish","type":"post","link":"https:\/\/www.berlin.freidenker.org\/?p=974","title":{"rendered":"Termine April 2012"},"content":{"rendered":"<p><strong>Berliner Ostermarsch 2012<br \/>\nKrieg darf kein Mittel der Politik sein!<\/strong><\/p>\n<p>Sonnabend, 07.April 2012, Auftakt am Potsdamer Platz, 12:00 Uhr, Abschluss Brandenburger Tor (Wir treffen uns kurz zuvor am Caf\u00e9 Balzac , wo wir uns auch zum Papstbesuch getroffen haben)<br \/>\nN\u00e4here Informationen: <a href=\"http:\/\/www.friko-berlin.de\/\" target=\"_new\">Friko Berlin<\/a><\/p>\n<p><strong>Einladung zur \u201eBerliner Runde &#8211; Freidenker im Gespr\u00e4ch\u201d <\/strong><br \/>\nam Mittwoch, den <strong>11. April 2012, 18.00<\/strong> Uhr, im Klub der Volkssolidarit\u00e4t, Torstr. 203 &#8211; 205<br \/>\n\u201eKonrad Wolf\u201d &#8211; Film und Gespr\u00e4ch mit Freunden von Konrad Wolf aus Anlass seines 30. Todestages<br \/>\nWir freuen uns, Euch am Vorabend der \u201eFilmretrospektive Konrad Wolf\u201d einen Film zeigen zu k\u00f6nnen, der nicht im Programm dieser Berliner Filmwoche gezeigt werden wird.<br \/>\n<!--more--><br \/>\nEs ist ein Dokumentarfilm, von Gitta Nickel 1977, f\u00fcnf Jahre vor Konnys Tod gedreht, der eindrucksvoll und k\u00fcnstlerisch wertvoll von Leben und Wirken Konrad Wolfs berichtet.<br \/>\nAn einer Gespr\u00e4chsrunde vor und nach Auff\u00fchrung dieses Films nehmen Eberhard Geick, Kameramann von Konrad Wolf sowie die Mitglieder des Freidenker-Landesverbandes Berlin Elke Zwinge-Makamizile, Lehrerin i.R. und Hans-G\u00fcnther Dicks, Filmkritiker, teil, die an der Vorbereitung der Filmwoche engagiert mitgewirkt haben und gerne mit Euch \u00fcber ihre Motive sprechen.<br \/>\nDie Mitwirkung von Gitta Nickel ist angefragt. Filmretrospektive vom 12. bis 18. April 2012 in Berlin<br \/>\nFilmretrospektive vom 12. bis 18. April 2012 in Berlin<\/p>\n<p>Das Bundesplatz-Kino* und das Kino Toni** zeigen eine umfangreiche Retrospektive Konrad Wolf mit elf Spielfilmen und drei Dokumentarfilmen sowie begleitenden Filmgespr\u00e4chen mit prominenten Darstellern und Mitarbeitern von Wolfs Werken. Unter den Gespr\u00e4chsg\u00e4sten befinden sich der 90-j\u00e4hrige Angel Wagenstein aus Bulgarien, der mit Konrad Wolf zweimal zusammenarbeitete: bei dem Film \u201eSterne\u201d, der sich als erster deutscher Film mit der Schuldfrage der Deutschen und der Judenverfolgung auseinandersetzte und bei \u201eGoya\u201d, dem Film zum Roman von Lion Feuchtwanger, der den Schaffensprozess eines K\u00fcnstlers eindrucksvoll nachgestaltete.<br \/>\nInsgesamt werden 30 herausragende Gespr\u00e4chsg\u00e4ste erwartet, z.B. auch Renate Blume, Rolf Hoppe, Ursula Karusseit, Wolfgang Kohlhaase und Hilmar Thate, n\u00e4heres siehe: <a href=\"http:\/\/www.progress-film.de\/de\/veranstaltung\/konradwolf-retro.php\" target=\"_new\">www.progress-film.de\/de\/veranstaltung\/konradwolf-retro.php<\/a><\/p>\n<p><em>* Bundesplatz 14, U- und S-Bundesplatz<br \/>\n**Antonplatz Berlin-Wei\u00dfensee, ab Alex bzw. S-Greifswalder Str. mit der Stra\u00dfenbahn<\/em><\/p>\n<p><strong>Gedenk- und Protestkundgebung anl\u00e4sslich des 126. Geburtstages Ernst Th\u00e4lmanns<\/strong><br \/>\n<strong>Sonntag, dem 22. April 2012, 11:30 Uhr<\/strong> vor der gesch\u00e4ndeten und zertr\u00fcmmerten \u201eErnst-Th\u00e4lmann-Gedenkst\u00e4tte\u201d in der Seestrasse 27, K\u00f6nigs Wusterhausen, Niederlehme, Ziegenhals<br \/>\nRedner: Prof. Dr. sc. Siegfried Mechler<br \/>\nPr\u00e4sident des Ostdeutschen Kuratoriums von Verb\u00e4nden (okv)<br \/>\nEin Vertreter von ARAB<br \/>\nAntifaschistische Revolution\u00e4re Aktion Berlin<\/p>\n","protected":false},"excerpt":{"rendered":"<p>Berliner Ostermarsch 2012 Krieg darf kein Mittel der Politik sein! Sonnabend, 07.April 2012, Auftakt am Potsdamer Platz, 12:00 Uhr, Abschluss Brandenburger Tor (Wir treffen uns kurz zuvor am Caf\u00e9 Balzac , wo wir uns auch zum Papstbesuch getroffen haben) N\u00e4here Informationen: Friko Berlin Einladung zur \u201eBerliner Runde &#8211; Freidenker im Gespr\u00e4ch\u201d am Mittwoch, den 11. [&hellip;]<\/p>\n","protected":false},"author":4,"featured_media":0,"comment_status":"open","ping_status":"closed","sticky":false,"template":"","format":"standard","meta":{"jetpack_post_was_ever_published":false,"_jetpack_newsletter_access":"","_jetpack_dont_email_post_to_subs":false,"_jetpack_newsletter_tier_id":0,"_jetpack_memberships_contains_paywalled_content":false,"_jetpack_memberships_contains_paid_content":false,"footnotes":""},"categories":[14,13],"tags":[],"class_list":["post-974","post","type-post","status-publish","format-standard","hentry","category-aktivitaeten-des-dfv-berlin","category-veranstaltungen"],"jetpack_featured_media_url":"","jetpack_shortlink":"https:\/\/wp.me\/py5dN-fI","jetpack_sharing_enabled":true,"_links":{"self":[{"href":"https:\/\/www.berlin.freidenker.org\/index.php?rest_route=\/wp\/v2\/posts\/974","targetHints":{"allow":["GET"]}}],"collection":[{"href":"https:\/\/www.berlin.freidenker.org\/index.php?rest_route=\/wp\/v2\/posts"}],"about":[{"href":"https:\/\/www.berlin.freidenker.org\/index.php?rest_route=\/wp\/v2\/types\/post"}],"author":[{"embeddable":true,"href":"https:\/\/www.berlin.freidenker.org\/index.php?rest_route=\/wp\/v2\/users\/4"}],"replies":[{"embeddable":true,"href":"https:\/\/www.berlin.freidenker.org\/index.php?rest_route=%2Fwp%2Fv2%2Fcomments&post=974"}],"version-history":[{"count":4,"href":"https:\/\/www.berlin.freidenker.org\/index.php?rest_route=\/wp\/v2\/posts\/974\/revisions"}],"predecessor-version":[{"id":1027,"href":"https:\/\/www.berlin.freidenker.org\/index.php?rest_route=\/wp\/v2\/posts\/974\/revisions\/1027"}],"wp:attachment":[{"href":"https:\/\/www.berlin.freidenker.org\/index.php?rest_route=%2Fwp%2Fv2%2Fmedia&parent=974"}],"wp:term":[{"taxonomy":"category","embeddable":true,"href":"https:\/\/www.berlin.freidenker.org\/index.php?rest_route=%2Fwp%2Fv2%2Fcategories&post=974"},{"taxonomy":"post_tag","embeddable":true,"href":"https:\/\/www.berlin.freidenker.org\/index.php?rest_route=%2Fwp%2Fv2%2Ftags&post=974"}],"curies":[{"name":"wp","href":"https:\/\/api.w.org\/{rel}","templated":true}]}}